{"id":2256,"date":"2025-03-14T21:19:30","date_gmt":"2025-03-14T21:19:30","guid":{"rendered":"https:\/\/orcamentoparticipativo.cubatao.sp.gov.br\/?p=2256"},"modified":"2025-03-14T21:20:22","modified_gmt":"2025-03-14T21:20:22","slug":"cubatao-da-inicio-ao-orcamento-participativo-on-line-a-partir-deste-sabado-15","status":"publish","type":"post","link":"https:\/\/dev.aemsolutions.com.br\/orcamento-participativo-testes\/cubatao-da-inicio-ao-orcamento-participativo-on-line-a-partir-deste-sabado-15\/","title":{"rendered":"Cubat\u00e3o d\u00e1 in\u00edcio ao Or\u00e7amento Participativo on-line a pa..."},"content":{"rendered":"<p>Os mun\u00edcipes de Cubat\u00e3o que tenham 16 anos ou mais poder\u00e3o participar, de forma on-line, da elabora\u00e7\u00e3o da Lei de Diretrizes Or\u00e7ament\u00e1rias de 2026 (LDO). O formul\u00e1rio estar\u00e1 dispon\u00edvel de 15 a 30 de mar\u00e7o pelo link <a href=\"https:\/\/orcamentoparticipativo.cubatao.sp.gov.br\/pesquisa\/\">https:\/\/orcamentoparticipativo.cubatao.sp.gov.br\/pesquisa\/<\/a>.\u00a0Ao participar, a comunidade pode votar e sugerir melhorias, contribuindo ativamente para o desenvolvimento da cidade.<\/p>\n<p>A Lei de Diretrizes Or\u00e7ament\u00e1rias \u00e9 elaborada anualmente e tem como objetivo definir as prioridades do governo para o or\u00e7amento do ano seguinte. A participa\u00e7\u00e3o da popula\u00e7\u00e3o ajuda a garantir que os recursos previstos na LDO sejam aplicados de forma mais eficaz e transparente, priorizando o desenvolvimento do munic\u00edpio e atendendo \u00e0s quest\u00f5es mais urgentes da vida do cidad\u00e3o cubatense.<\/p>\n<p>Com o intuito de incentivar a participa\u00e7\u00e3o popular na defini\u00e7\u00e3o das prioridades para os investimentos p\u00fablicos no munic\u00edpio, a Prefeitura Municipal de Cubat\u00e3o lan\u00e7ou um site exclusivo para o Or\u00e7amento Participativo, reafirmando seu compromisso com o desenvolvimento socioecon\u00f4mico e a justi\u00e7a social.\u00a0As sugest\u00f5es enviadas por meio do Or\u00e7amento Participativo ser\u00e3o avaliadas pela Administra\u00e7\u00e3o Municipal, que buscar\u00e1 atender \u00e0s demandas por meio de programas espec\u00edficos (indica\u00e7\u00e3o popular) ou de iniciativas j\u00e1 contempladas no or\u00e7amento municipal.<\/p>\n<p><em>Por: Secom Cubat\u00e3o<\/em><br \/>\n<em>Foto:\u00a0<a href=\"https:\/\/br.freepik.com\/fotos-gratis\/conceito-de-controle-de-qualidade-padrao-m_36027725.htm#fromView=search&amp;page=1&amp;position=0&amp;uuid=991b1cc0-4a9e-4ec8-acca-6badb7475b10&amp;query=formul%C3%A1rio\">Freepik<\/a><\/em><\/p>\n","protected":false},"excerpt":{"rendered":"<p>Os mun\u00edcipes de Cubat\u00e3o que tenham 16 anos ou mais poder\u00e3o participar, de forma on-line, da elabora\u00e7\u00e3o da Lei de Diretrizes Or\u00e7ament\u00e1rias de 2026 (LDO). O formul\u00e1rio estar\u00e1 dispon\u00edvel de 15 a 30 de mar\u00e7o pelo link https:\/\/orcamentoparticipativo.cubatao.sp.gov.br\/pesquisa\/.\u00a0Ao participar, a comunidade pode votar e sugerir melhorias, contribuindo ativamente para o desenvolvimento da cidade. A Lei [&hellip;]<\/p>\n","protected":false},"author":1,"featured_media":2258,"comment_status":"open","ping_status":"open","sticky":false,"template":"","format":"standard","meta":{"footnotes":""},"categories":[56],"tags":[],"class_list":["post-2256","post","type-post","status-publish","format-standard","has-post-thumbnail","hentry","category-noticias-op"],"acf":[],"yoast_head":"<!-- This site is optimized with the Yoast SEO plugin v25.4 - https:\/\/yoast.com\/wordpress\/plugins\/seo\/ -->\n<title>Cubat\u00e3o d\u00e1 in\u00edcio ao Or\u00e7amento Participativo on-line a partir deste s\u00e1bado (15) - Or\u00e7amento Participativo<\/title>\n<meta name=\"robots\" content=\"index, follow, max-snippet:-1, max-image-preview:large, max-video-preview:-1\" \/>\n<link rel=\"canonical\" href=\"https:\/\/dev.aemsolutions.com.br\/orcamento-participativo-testes\/cubatao-da-inicio-ao-orcamento-participativo-on-line-a-partir-deste-sabado-15\/\" \/>\n<meta property=\"og:locale\" content=\"pt_BR\" \/>\n<meta property=\"og:type\" content=\"article\" \/>\n<meta property=\"og:title\" content=\"Cubat\u00e3o d\u00e1 in\u00edcio ao Or\u00e7amento Participativo on-line a partir deste s\u00e1bado (15) - Or\u00e7amento Participativo\" \/>\n<meta property=\"og:description\" content=\"Os mun\u00edcipes de Cubat\u00e3o que tenham 16 anos ou mais poder\u00e3o participar, de forma on-line, da elabora\u00e7\u00e3o da Lei de Diretrizes Or\u00e7ament\u00e1rias de 2026 (LDO). O formul\u00e1rio estar\u00e1 dispon\u00edvel de 15 a 30 de mar\u00e7o pelo link https:\/\/orcamentoparticipativo.cubatao.sp.gov.br\/pesquisa\/.\u00a0Ao participar, a comunidade pode votar e sugerir melhorias, contribuindo ativamente para o desenvolvimento da cidade. A Lei [&hellip;]\" \/>\n<meta property=\"og:url\" content=\"https:\/\/dev.aemsolutions.com.br\/orcamento-participativo-testes\/cubatao-da-inicio-ao-orcamento-participativo-on-line-a-partir-deste-sabado-15\/\" \/>\n<meta property=\"og:site_name\" content=\"Or\u00e7amento Participativo\" \/>\n<meta property=\"article:published_time\" content=\"2025-03-14T21:19:30+00:00\" \/>\n<meta property=\"article:modified_time\" content=\"2025-03-14T21:20:22+00:00\" \/>\n<meta property=\"og:image\" content=\"https:\/\/dev.aemsolutions.com.br\/orcamento-participativo-testes\/wp-content\/uploads\/2025\/03\/Copia-de-FOTO-EM-DESTAQUE-1-768x509-1.png\" \/>\n\t<meta property=\"og:image:width\" content=\"768\" \/>\n\t<meta property=\"og:image:height\" content=\"509\" \/>\n\t<meta property=\"og:image:type\" content=\"image\/png\" \/>\n<meta name=\"author\" content=\"Reda\u00e7\u00e3o\" \/>\n<meta name=\"twitter:card\" content=\"summary_large_image\" \/>\n<meta name=\"twitter:label1\" content=\"Escrito por\" \/>\n\t<meta name=\"twitter:data1\" content=\"Reda\u00e7\u00e3o\" \/>\n\t<meta name=\"twitter:label2\" content=\"Est. tempo de leitura\" \/>\n\t<meta name=\"twitter:data2\" content=\"2 minutos\" \/>\n<script type=\"application\/ld+json\" class=\"yoast-schema-graph\">{\"@context\":\"https:\/\/schema.org\",\"@graph\":[{\"@type\":\"Article\",\"@id\":\"https:\/\/dev.aemsolutions.com.br\/orcamento-participativo-testes\/cubatao-da-inicio-ao-orcamento-participativo-on-line-a-partir-deste-sabado-15\/#article\",\"isPartOf\":{\"@id\":\"https:\/\/dev.aemsolutions.com.br\/orcamento-participativo-testes\/cubatao-da-inicio-ao-orcamento-participativo-on-line-a-partir-deste-sabado-15\/\"},\"author\":{\"name\":\"Reda\u00e7\u00e3o\",\"@id\":\"https:\/\/dev.aemsolutions.com.br\/orcamento-participativo-testes\/#\/schema\/person\/054204022d9ae2bc7d3c052d70f5723d\"},\"headline\":\"Cubat\u00e3o d\u00e1 in\u00edcio ao Or\u00e7amento Participativo on-line a pa...\",\"datePublished\":\"2025-03-14T21:19:30+00:00\",\"dateModified\":\"2025-03-14T21:20:22+00:00\",\"mainEntityOfPage\":{\"@id\":\"https:\/\/dev.aemsolutions.com.br\/orcamento-participativo-testes\/cubatao-da-inicio-ao-orcamento-participativo-on-line-a-partir-deste-sabado-15\/\"},\"wordCount\":244,\"commentCount\":0,\"publisher\":{\"@id\":\"https:\/\/dev.aemsolutions.com.br\/orcamento-participativo-testes\/#organization\"},\"image\":{\"@id\":\"https:\/\/dev.aemsolutions.com.br\/orcamento-participativo-testes\/cubatao-da-inicio-ao-orcamento-participativo-on-line-a-partir-deste-sabado-15\/#primaryimage\"},\"thumbnailUrl\":\"https:\/\/dev.aemsolutions.com.br\/orcamento-participativo-testes\/wp-content\/uploads\/2025\/03\/Copia-de-FOTO-EM-DESTAQUE-1-768x509-1.png\",\"articleSection\":[\"Noticias OP\"],\"inLanguage\":\"pt-BR\",\"potentialAction\":[{\"@type\":\"CommentAction\",\"name\":\"Comment\",\"target\":[\"https:\/\/dev.aemsolutions.com.br\/orcamento-participativo-testes\/cubatao-da-inicio-ao-orcamento-participativo-on-line-a-partir-deste-sabado-15\/#respond\"]}]},{\"@type\":\"WebPage\",\"@id\":\"https:\/\/dev.aemsolutions.com.br\/orcamento-participativo-testes\/cubatao-da-inicio-ao-orcamento-participativo-on-line-a-partir-deste-sabado-15\/\",\"url\":\"https:\/\/dev.aemsolutions.com.br\/orcamento-participativo-testes\/cubatao-da-inicio-ao-orcamento-participativo-on-line-a-partir-deste-sabado-15\/\",\"name\":\"Cubat\u00e3o d\u00e1 in\u00edcio ao Or\u00e7amento Participativo on-line a partir deste s\u00e1bado (15) - Or\u00e7amento Participativo\",\"isPartOf\":{\"@id\":\"https:\/\/dev.aemsolutions.com.br\/orcamento-participativo-testes\/#website\"},\"primaryImageOfPage\":{\"@id\":\"https:\/\/dev.aemsolutions.com.br\/orcamento-participativo-testes\/cubatao-da-inicio-ao-orcamento-participativo-on-line-a-partir-deste-sabado-15\/#primaryimage\"},\"image\":{\"@id\":\"https:\/\/dev.aemsolutions.com.br\/orcamento-participativo-testes\/cubatao-da-inicio-ao-orcamento-participativo-on-line-a-partir-deste-sabado-15\/#primaryimage\"},\"thumbnailUrl\":\"https:\/\/dev.aemsolutions.com.br\/orcamento-participativo-testes\/wp-content\/uploads\/2025\/03\/Copia-de-FOTO-EM-DESTAQUE-1-768x509-1.png\",\"datePublished\":\"2025-03-14T21:19:30+00:00\",\"dateModified\":\"2025-03-14T21:20:22+00:00\",\"breadcrumb\":{\"@id\":\"https:\/\/dev.aemsolutions.com.br\/orcamento-participativo-testes\/cubatao-da-inicio-ao-orcamento-participativo-on-line-a-partir-deste-sabado-15\/#breadcrumb\"},\"inLanguage\":\"pt-BR\",\"potentialAction\":[{\"@type\":\"ReadAction\",\"target\":[\"https:\/\/dev.aemsolutions.com.br\/orcamento-participativo-testes\/cubatao-da-inicio-ao-orcamento-participativo-on-line-a-partir-deste-sabado-15\/\"]}]},{\"@type\":\"ImageObject\",\"inLanguage\":\"pt-BR\",\"@id\":\"https:\/\/dev.aemsolutions.com.br\/orcamento-participativo-testes\/cubatao-da-inicio-ao-orcamento-participativo-on-line-a-partir-deste-sabado-15\/#primaryimage\",\"url\":\"https:\/\/dev.aemsolutions.com.br\/orcamento-participativo-testes\/wp-content\/uploads\/2025\/03\/Copia-de-FOTO-EM-DESTAQUE-1-768x509-1.png\",\"contentUrl\":\"https:\/\/dev.aemsolutions.com.br\/orcamento-participativo-testes\/wp-content\/uploads\/2025\/03\/Copia-de-FOTO-EM-DESTAQUE-1-768x509-1.png\",\"width\":768,\"height\":509},{\"@type\":\"BreadcrumbList\",\"@id\":\"https:\/\/dev.aemsolutions.com.br\/orcamento-participativo-testes\/cubatao-da-inicio-ao-orcamento-participativo-on-line-a-partir-deste-sabado-15\/#breadcrumb\",\"itemListElement\":[{\"@type\":\"ListItem\",\"position\":1,\"name\":\"In\u00edcio\",\"item\":\"https:\/\/dev.aemsolutions.com.br\/orcamento-participativo-testes\/\"},{\"@type\":\"ListItem\",\"position\":2,\"name\":\"Cubat\u00e3o d\u00e1 in\u00edcio ao Or\u00e7amento Participativo on-line a pa...\"}]},{\"@type\":\"WebSite\",\"@id\":\"https:\/\/dev.aemsolutions.com.br\/orcamento-participativo-testes\/#website\",\"url\":\"https:\/\/dev.aemsolutions.com.br\/orcamento-participativo-testes\/\",\"name\":\"Or\u00e7amento Participativo\",\"description\":\"Or\u00e7amento Participativo do Mun\u00edcipio de Cubat\u00e3o\",\"publisher\":{\"@id\":\"https:\/\/dev.aemsolutions.com.br\/orcamento-participativo-testes\/#organization\"},\"potentialAction\":[{\"@type\":\"SearchAction\",\"target\":{\"@type\":\"EntryPoint\",\"urlTemplate\":\"https:\/\/dev.aemsolutions.com.br\/orcamento-participativo-testes\/?s={search_term_string}\"},\"query-input\":{\"@type\":\"PropertyValueSpecification\",\"valueRequired\":true,\"valueName\":\"search_term_string\"}}],\"inLanguage\":\"pt-BR\"},{\"@type\":\"Organization\",\"@id\":\"https:\/\/dev.aemsolutions.com.br\/orcamento-participativo-testes\/#organization\",\"name\":\"Or\u00e7amento Participativo\",\"url\":\"https:\/\/dev.aemsolutions.com.br\/orcamento-participativo-testes\/\",\"logo\":{\"@type\":\"ImageObject\",\"inLanguage\":\"pt-BR\",\"@id\":\"https:\/\/dev.aemsolutions.com.br\/orcamento-participativo-testes\/#\/schema\/logo\/image\/\",\"url\":\"https:\/\/dev.aemsolutions.com.br\/orcamento-participativo-testes\/wp-content\/uploads\/2025\/02\/cubatao-logo.png\",\"contentUrl\":\"https:\/\/dev.aemsolutions.com.br\/orcamento-participativo-testes\/wp-content\/uploads\/2025\/02\/cubatao-logo.png\",\"width\":316,\"height\":90,\"caption\":\"Or\u00e7amento Participativo\"},\"image\":{\"@id\":\"https:\/\/dev.aemsolutions.com.br\/orcamento-participativo-testes\/#\/schema\/logo\/image\/\"}},{\"@type\":\"Person\",\"@id\":\"https:\/\/dev.aemsolutions.com.br\/orcamento-participativo-testes\/#\/schema\/person\/054204022d9ae2bc7d3c052d70f5723d\",\"name\":\"Reda\u00e7\u00e3o\",\"image\":{\"@type\":\"ImageObject\",\"inLanguage\":\"pt-BR\",\"@id\":\"https:\/\/dev.aemsolutions.com.br\/orcamento-participativo-testes\/#\/schema\/person\/image\/\",\"url\":\"https:\/\/secure.gravatar.com\/avatar\/8e4f3d6073341decc069e2dbca2d692f01c8f9383c63f3fb860d406352f3a49e?s=96&d=mm&r=g\",\"contentUrl\":\"https:\/\/secure.gravatar.com\/avatar\/8e4f3d6073341decc069e2dbca2d692f01c8f9383c63f3fb860d406352f3a49e?s=96&d=mm&r=g\",\"caption\":\"Reda\u00e7\u00e3o\"},\"sameAs\":[\"https:\/\/cubatao.aemsolutions.com.br\"],\"url\":\"https:\/\/dev.aemsolutions.com.br\/orcamento-participativo-testes\/author\/admin_a53yh0vq\/\"}]}<\/script>\n<!-- \/ Yoast SEO plugin. -->","yoast_head_json":{"title":"Cubat\u00e3o d\u00e1 in\u00edcio ao Or\u00e7amento Participativo on-line a partir deste s\u00e1bado (15) - Or\u00e7amento Participativo","robots":{"index":"index","follow":"follow","max-snippet":"max-snippet:-1","max-image-preview":"max-image-preview:large","max-video-preview":"max-video-preview:-1"},"canonical":"https:\/\/dev.aemsolutions.com.br\/orcamento-participativo-testes\/cubatao-da-inicio-ao-orcamento-participativo-on-line-a-partir-deste-sabado-15\/","og_locale":"pt_BR","og_type":"article","og_title":"Cubat\u00e3o d\u00e1 in\u00edcio ao Or\u00e7amento Participativo on-line a partir deste s\u00e1bado (15) - Or\u00e7amento Participativo","og_description":"Os mun\u00edcipes de Cubat\u00e3o que tenham 16 anos ou mais poder\u00e3o participar, de forma on-line, da elabora\u00e7\u00e3o da Lei de Diretrizes Or\u00e7ament\u00e1rias de 2026 (LDO). O formul\u00e1rio estar\u00e1 dispon\u00edvel de 15 a 30 de mar\u00e7o pelo link https:\/\/orcamentoparticipativo.cubatao.sp.gov.br\/pesquisa\/.\u00a0Ao participar, a comunidade pode votar e sugerir melhorias, contribuindo ativamente para o desenvolvimento da cidade. A Lei [&hellip;]","og_url":"https:\/\/dev.aemsolutions.com.br\/orcamento-participativo-testes\/cubatao-da-inicio-ao-orcamento-participativo-on-line-a-partir-deste-sabado-15\/","og_site_name":"Or\u00e7amento Participativo","article_published_time":"2025-03-14T21:19:30+00:00","article_modified_time":"2025-03-14T21:20:22+00:00","og_image":[{"width":768,"height":509,"url":"https:\/\/dev.aemsolutions.com.br\/orcamento-participativo-testes\/wp-content\/uploads\/2025\/03\/Copia-de-FOTO-EM-DESTAQUE-1-768x509-1.png","type":"image\/png"}],"author":"Reda\u00e7\u00e3o","twitter_card":"summary_large_image","twitter_misc":{"Escrito por":"Reda\u00e7\u00e3o","Est. tempo de leitura":"2 minutos"},"schema":{"@context":"https:\/\/schema.org","@graph":[{"@type":"Article","@id":"https:\/\/dev.aemsolutions.com.br\/orcamento-participativo-testes\/cubatao-da-inicio-ao-orcamento-participativo-on-line-a-partir-deste-sabado-15\/#article","isPartOf":{"@id":"https:\/\/dev.aemsolutions.com.br\/orcamento-participativo-testes\/cubatao-da-inicio-ao-orcamento-participativo-on-line-a-partir-deste-sabado-15\/"},"author":{"name":"Reda\u00e7\u00e3o","@id":"https:\/\/dev.aemsolutions.com.br\/orcamento-participativo-testes\/#\/schema\/person\/054204022d9ae2bc7d3c052d70f5723d"},"headline":"Cubat\u00e3o d\u00e1 in\u00edcio ao Or\u00e7amento Participativo on-line a pa...","datePublished":"2025-03-14T21:19:30+00:00","dateModified":"2025-03-14T21:20:22+00:00","mainEntityOfPage":{"@id":"https:\/\/dev.aemsolutions.com.br\/orcamento-participativo-testes\/cubatao-da-inicio-ao-orcamento-participativo-on-line-a-partir-deste-sabado-15\/"},"wordCount":244,"commentCount":0,"publisher":{"@id":"https:\/\/dev.aemsolutions.com.br\/orcamento-participativo-testes\/#organization"},"image":{"@id":"https:\/\/dev.aemsolutions.com.br\/orcamento-participativo-testes\/cubatao-da-inicio-ao-orcamento-participativo-on-line-a-partir-deste-sabado-15\/#primaryimage"},"thumbnailUrl":"https:\/\/dev.aemsolutions.com.br\/orcamento-participativo-testes\/wp-content\/uploads\/2025\/03\/Copia-de-FOTO-EM-DESTAQUE-1-768x509-1.png","articleSection":["Noticias OP"],"inLanguage":"pt-BR","potentialAction":[{"@type":"CommentAction","name":"Comment","target":["https:\/\/dev.aemsolutions.com.br\/orcamento-participativo-testes\/cubatao-da-inicio-ao-orcamento-participativo-on-line-a-partir-deste-sabado-15\/#respond"]}]},{"@type":"WebPage","@id":"https:\/\/dev.aemsolutions.com.br\/orcamento-participativo-testes\/cubatao-da-inicio-ao-orcamento-participativo-on-line-a-partir-deste-sabado-15\/","url":"https:\/\/dev.aemsolutions.com.br\/orcamento-participativo-testes\/cubatao-da-inicio-ao-orcamento-participativo-on-line-a-partir-deste-sabado-15\/","name":"Cubat\u00e3o d\u00e1 in\u00edcio ao Or\u00e7amento Participativo on-line a partir deste s\u00e1bado (15) - Or\u00e7amento Participativo","isPartOf":{"@id":"https:\/\/dev.aemsolutions.com.br\/orcamento-participativo-testes\/#website"},"primaryImageOfPage":{"@id":"https:\/\/dev.aemsolutions.com.br\/orcamento-participativo-testes\/cubatao-da-inicio-ao-orcamento-participativo-on-line-a-partir-deste-sabado-15\/#primaryimage"},"image":{"@id":"https:\/\/dev.aemsolutions.com.br\/orcamento-participativo-testes\/cubatao-da-inicio-ao-orcamento-participativo-on-line-a-partir-deste-sabado-15\/#primaryimage"},"thumbnailUrl":"https:\/\/dev.aemsolutions.com.br\/orcamento-participativo-testes\/wp-content\/uploads\/2025\/03\/Copia-de-FOTO-EM-DESTAQUE-1-768x509-1.png","datePublished":"2025-03-14T21:19:30+00:00","dateModified":"2025-03-14T21:20:22+00:00","breadcrumb":{"@id":"https:\/\/dev.aemsolutions.com.br\/orcamento-participativo-testes\/cubatao-da-inicio-ao-orcamento-participativo-on-line-a-partir-deste-sabado-15\/#breadcrumb"},"inLanguage":"pt-BR","potentialAction":[{"@type":"ReadAction","target":["https:\/\/dev.aemsolutions.com.br\/orcamento-participativo-testes\/cubatao-da-inicio-ao-orcamento-participativo-on-line-a-partir-deste-sabado-15\/"]}]},{"@type":"ImageObject","inLanguage":"pt-BR","@id":"https:\/\/dev.aemsolutions.com.br\/orcamento-participativo-testes\/cubatao-da-inicio-ao-orcamento-participativo-on-line-a-partir-deste-sabado-15\/#primaryimage","url":"https:\/\/dev.aemsolutions.com.br\/orcamento-participativo-testes\/wp-content\/uploads\/2025\/03\/Copia-de-FOTO-EM-DESTAQUE-1-768x509-1.png","contentUrl":"https:\/\/dev.aemsolutions.com.br\/orcamento-participativo-testes\/wp-content\/uploads\/2025\/03\/Copia-de-FOTO-EM-DESTAQUE-1-768x509-1.png","width":768,"height":509},{"@type":"BreadcrumbList","@id":"https:\/\/dev.aemsolutions.com.br\/orcamento-participativo-testes\/cubatao-da-inicio-ao-orcamento-participativo-on-line-a-partir-deste-sabado-15\/#breadcrumb","itemListElement":[{"@type":"ListItem","position":1,"name":"In\u00edcio","item":"https:\/\/dev.aemsolutions.com.br\/orcamento-participativo-testes\/"},{"@type":"ListItem","position":2,"name":"Cubat\u00e3o d\u00e1 in\u00edcio ao Or\u00e7amento Participativo on-line a pa..."}]},{"@type":"WebSite","@id":"https:\/\/dev.aemsolutions.com.br\/orcamento-participativo-testes\/#website","url":"https:\/\/dev.aemsolutions.com.br\/orcamento-participativo-testes\/","name":"Or\u00e7amento Participativo","description":"Or\u00e7amento Participativo do Mun\u00edcipio de Cubat\u00e3o","publisher":{"@id":"https:\/\/dev.aemsolutions.com.br\/orcamento-participativo-testes\/#organization"},"potentialAction":[{"@type":"SearchAction","target":{"@type":"EntryPoint","urlTemplate":"https:\/\/dev.aemsolutions.com.br\/orcamento-participativo-testes\/?s={search_term_string}"},"query-input":{"@type":"PropertyValueSpecification","valueRequired":true,"valueName":"search_term_string"}}],"inLanguage":"pt-BR"},{"@type":"Organization","@id":"https:\/\/dev.aemsolutions.com.br\/orcamento-participativo-testes\/#organization","name":"Or\u00e7amento Participativo","url":"https:\/\/dev.aemsolutions.com.br\/orcamento-participativo-testes\/","logo":{"@type":"ImageObject","inLanguage":"pt-BR","@id":"https:\/\/dev.aemsolutions.com.br\/orcamento-participativo-testes\/#\/schema\/logo\/image\/","url":"https:\/\/dev.aemsolutions.com.br\/orcamento-participativo-testes\/wp-content\/uploads\/2025\/02\/cubatao-logo.png","contentUrl":"https:\/\/dev.aemsolutions.com.br\/orcamento-participativo-testes\/wp-content\/uploads\/2025\/02\/cubatao-logo.png","width":316,"height":90,"caption":"Or\u00e7amento Participativo"},"image":{"@id":"https:\/\/dev.aemsolutions.com.br\/orcamento-participativo-testes\/#\/schema\/logo\/image\/"}},{"@type":"Person","@id":"https:\/\/dev.aemsolutions.com.br\/orcamento-participativo-testes\/#\/schema\/person\/054204022d9ae2bc7d3c052d70f5723d","name":"Reda\u00e7\u00e3o","image":{"@type":"ImageObject","inLanguage":"pt-BR","@id":"https:\/\/dev.aemsolutions.com.br\/orcamento-participativo-testes\/#\/schema\/person\/image\/","url":"https:\/\/secure.gravatar.com\/avatar\/8e4f3d6073341decc069e2dbca2d692f01c8f9383c63f3fb860d406352f3a49e?s=96&d=mm&r=g","contentUrl":"https:\/\/secure.gravatar.com\/avatar\/8e4f3d6073341decc069e2dbca2d692f01c8f9383c63f3fb860d406352f3a49e?s=96&d=mm&r=g","caption":"Reda\u00e7\u00e3o"},"sameAs":["https:\/\/cubatao.aemsolutions.com.br"],"url":"https:\/\/dev.aemsolutions.com.br\/orcamento-participativo-testes\/author\/admin_a53yh0vq\/"}]}},"_links":{"self":[{"href":"https:\/\/dev.aemsolutions.com.br\/orcamento-participativo-testes\/wp-json\/wp\/v2\/posts\/2256","targetHints":{"allow":["GET"]}}],"collection":[{"href":"https:\/\/dev.aemsolutions.com.br\/orcamento-participativo-testes\/wp-json\/wp\/v2\/posts"}],"about":[{"href":"https:\/\/dev.aemsolutions.com.br\/orcamento-participativo-testes\/wp-json\/wp\/v2\/types\/post"}],"author":[{"embeddable":true,"href":"https:\/\/dev.aemsolutions.com.br\/orcamento-participativo-testes\/wp-json\/wp\/v2\/users\/1"}],"replies":[{"embeddable":true,"href":"https:\/\/dev.aemsolutions.com.br\/orcamento-participativo-testes\/wp-json\/wp\/v2\/comments?post=2256"}],"version-history":[{"count":1,"href":"https:\/\/dev.aemsolutions.com.br\/orcamento-participativo-testes\/wp-json\/wp\/v2\/posts\/2256\/revisions"}],"predecessor-version":[{"id":2257,"href":"https:\/\/dev.aemsolutions.com.br\/orcamento-participativo-testes\/wp-json\/wp\/v2\/posts\/2256\/revisions\/2257"}],"wp:featuredmedia":[{"embeddable":true,"href":"https:\/\/dev.aemsolutions.com.br\/orcamento-participativo-testes\/wp-json\/wp\/v2\/media\/2258"}],"wp:attachment":[{"href":"https:\/\/dev.aemsolutions.com.br\/orcamento-participativo-testes\/wp-json\/wp\/v2\/media?parent=2256"}],"wp:term":[{"taxonomy":"category","embeddable":true,"href":"https:\/\/dev.aemsolutions.com.br\/orcamento-participativo-testes\/wp-json\/wp\/v2\/categories?post=2256"},{"taxonomy":"post_tag","embeddable":true,"href":"https:\/\/dev.aemsolutions.com.br\/orcamento-participativo-testes\/wp-json\/wp\/v2\/tags?post=2256"}],"curies":[{"name":"wp","href":"https:\/\/api.w.org\/{rel}","templated":true}]}}