{"id":313,"date":"2019-07-13T23:23:09","date_gmt":"2019-07-13T20:23:09","guid":{"rendered":"https:\/\/orcamentoparticipativo.cubatao.sp.gov.br\/prefeitura-inicia-discussao-do-orcamento-participativo-com-a-populacao-para-2020\/"},"modified":"2025-02-28T13:17:59","modified_gmt":"2025-02-28T13:17:59","slug":"prefeitura-inicia-discussao-do-orcamento-participativo-com-a-populacao-para-2020","status":"publish","type":"post","link":"https:\/\/dev.aemsolutions.com.br\/orcamento-participativo-testes\/prefeitura-inicia-discussao-do-orcamento-participativo-com-a-populacao-para-2020\/","title":{"rendered":"Prefeitura inicia discuss\u00e3o do Or\u00e7amento Participativo co..."},"content":{"rendered":"<div>\n<p style=\"text-align: center;\"><strong><em>Acompanhe as pr\u00f3ximas plen\u00e1rias para indicar as demandas dos bairros e elei\u00e7\u00e3o dos delegados<\/em><\/strong><\/p>\n<p>Com a elei\u00e7\u00e3o de quatro delegados e a indica\u00e7\u00e3o de 25 demandas de obras e melhorias para as vilas Natal e Esperan\u00e7a, a Prefeitura de Cubat\u00e3o deu in\u00edcio na noite desta sexta-feira (12), na UME D. Pedro II, \u00e0s sess\u00f5es plen\u00e1rias para a elabora\u00e7\u00e3o do Or\u00e7amento Participativo do munic\u00edpio para 2020, em cumprimento \u00e0 Lei 10.257 de 2001.<br \/>\nCom o slogan \u201cSua voz construindo nosso futuro\u201d, o Or\u00e7amento Participativo vai discutir onde investir a receita prevista de pouco mais de R$ 1.2 bilh\u00e3o para 2020 com os moradores de todos os bairros do munic\u00edpio, dividido em seis regi\u00f5es.<br \/>\nNa noite desta sexta-feira, com a participa\u00e7\u00e3o do vice-prefeito Pedro de S\u00e1 Filho, do secret\u00e1rio de Assist\u00eancia Social Sebasti\u00e3o Ribeiro do Nascimento (o <em>Zumbi<\/em>) e dos vereadores Laelson Batista (o <em>Lal\u00e1<\/em>), \u00c9rica Ver\u00e7osa e M\u00e1rcio Silva Nascimento (o <em>Marcinho<\/em>), ocorreu a elei\u00e7\u00e3o de quatro delegados e a discuss\u00e3o do Or\u00e7amento Participativo da Regi\u00e3o III, que engloba moradores da Vila Natal e da Vila Esperan\u00e7a.<br \/>\n<strong>Delegados \u2013<\/strong> Para um mandato de dois anos foram eleitos delegados do Or\u00e7amento Participativo da regi\u00e3o III os mun\u00edcipes Anderson Rosa Matias, Petronilo de Souza e Ant\u00f4nio Proc\u00f3pio Pires, representando a Vila Natal. Pela Vila Esperan\u00e7a foi eleito Alan Mota.<br \/>\n<strong>Demandas \u2013<\/strong> Durante a plen\u00e1ria os moradores apresentaram 25 propostas de obras e melhorias para os bairros, das quais tr\u00eas foram as mais votadas: cobertura do canal da Rua 8 (Vila Natal) \u2013 com implanta\u00e7\u00e3o de jardim e \u00e1rea de lazer e melhorias na drenagem evitar alagamentos. Duas propostas ficaram empatadas em terceiro lugar: urbaniza\u00e7\u00e3o e limpeza de esgoto na Vila Natal.<br \/>\nAs demais demandas, todas da Vila Natal \u2013 com exce\u00e7\u00e3o de uma da Vila Caique e outra do S\u00edtio Novo, foram: melhorias na seguran\u00e7a do bairro, cursos para gera\u00e7\u00e3o de renda, fechamento do acesso da Via Anchieta (para retornar pela UME Dr. Luiz Pieruzzi Neto), melhorias para sa\u00fade, ciclovia, instala\u00e7\u00e3o de lombadas, revitaliza\u00e7\u00e3o do bairro, urbaniza\u00e7\u00e3o, altera\u00e7\u00e3o do itiner\u00e1rio da linha 13, UPA (S\u00edtio Novo), escritura definitiva das casas, constru\u00e7\u00e3o de creches, sinaliza\u00e7\u00e3o da ciclovia, melhoria no transporte p\u00fablico, ilumina\u00e7\u00e3o das ruas e passarelas, \u00e1rea de lazer, limpeza fluvial, gera\u00e7\u00e3o de empregos, manuten\u00e7\u00e3o da ciclovia e constru\u00e7\u00e3o de pra\u00e7as.<br \/>\n<strong>Pr\u00f3ximas Plen\u00e1rias \u2013<\/strong> <strong>Regi\u00e3o I<\/strong> <strong>\u2013<\/strong> dia 15, \u00e0s 19 horas na UME Ant\u00f4nio Ortega Domingues (Rua Martim Afonso, 160 \u2013 Jardim Casqueiro). Bairros abrangentes: Jardim Casqueiro, Vila dos Pescadores e Parque S\u00e3o Luiz.<br \/>\n<strong>Regi\u00e3o II<\/strong> <strong>\u2013<\/strong> dia 16, \u00e0s 19 horas na UME Martim Afonso de Souza (Av. Dep. Em\u00edlio Justo, 50 \u2013 Jardim Nova Republica). Bairros: Jardim Nova Rep\u00fablica, Bols\u00f5es e Ilha Caraguat\u00e1.<br \/>\n<strong>Regi\u00e3o V \u2013<\/strong> dia 18 \u00e0s 19 horas na UME Padre Jos\u00e9 de Anchieta (Rua Salgado Filho, 130 \u2013 Parque Fernando Jorge). Bairros: Centro, Vila Couto, Vila Elizabeth, Jardim S\u00e3o Francisco, Jardim Costa e Silva, 31 de Mar\u00e7o e Vale Verde.<br \/>\n<strong>Regi\u00e3o VI \u2013 <\/strong>dia 19, \u00e0s 19 horas na UME Estado de Alagoas (Rua Faixa do Oleoduto, s\/n\u00ba \u2013 Pinhal do Miranda). Bairros: Fabril, Pinheiro do Miranda, Cotas, Pil\u00f5es, Mantiqueira, Vila Noel, Vila Light e Jardim S\u00e3o Marcos.<br \/>\nA \u00faltima plen\u00e1ria ser\u00e1 da <strong>Regi\u00e3o IV<\/strong> no dia 22, \u00e0s 19 horas, na UME Jo\u00e3o Ramalho (Av. 9 de Abril, 4000 \u2013 Vila Nova), com os moradores das Vilas Nova, Santa Rosa e S\u00e3o Jos\u00e9.<br \/>\n<em><strong>Fotos: Marcus Cabaleiro<\/strong><\/em><br \/>\n<em><strong>Galeria de fotos \u2013\u00a0<a href=\"https:\/\/flic.kr\/s\/aHsmF5u7Um\" target=\"_blank\" rel=\"noopener noreferrer\">CLIQUE AQUI<\/a><\/strong><\/em><\/p>\n<\/div>\n","protected":false},"excerpt":{"rendered":"<p>Acompanhe as pr\u00f3ximas plen\u00e1rias para indicar as demandas dos bairros e elei\u00e7\u00e3o dos delegados Com a elei\u00e7\u00e3o de quatro delegados e a indica\u00e7\u00e3o de 25 demandas de obras e melhorias para as vilas Natal e Esperan\u00e7a, a Prefeitura de Cubat\u00e3o deu in\u00edcio na noite desta sexta-feira (12), na UME D. Pedro II, \u00e0s sess\u00f5es plen\u00e1rias [&hellip;]<\/p>\n","protected":false},"author":1,"featured_media":1929,"comment_status":"closed","ping_status":"closed","sticky":false,"template":"","format":"standard","meta":{"footnotes":""},"categories":[56],"tags":[],"class_list":["post-313","post","type-post","status-publish","format-standard","has-post-thumbnail","hentry","category-noticias-op"],"acf":[],"yoast_head":"<!-- This site is optimized with the Yoast SEO plugin v25.4 - https:\/\/yoast.com\/wordpress\/plugins\/seo\/ -->\n<title>Prefeitura inicia discuss\u00e3o do Or\u00e7amento Participativo com a popula\u00e7\u00e3o para 2020 - Or\u00e7amento Participativo<\/title>\n<meta name=\"robots\" content=\"index, follow, max-snippet:-1, max-image-preview:large, max-video-preview:-1\" \/>\n<link rel=\"canonical\" href=\"https:\/\/dev.aemsolutions.com.br\/orcamento-participativo-testes\/prefeitura-inicia-discussao-do-orcamento-participativo-com-a-populacao-para-2020\/\" \/>\n<meta property=\"og:locale\" content=\"pt_BR\" \/>\n<meta property=\"og:type\" content=\"article\" \/>\n<meta property=\"og:title\" content=\"Prefeitura inicia discuss\u00e3o do Or\u00e7amento Participativo com a popula\u00e7\u00e3o para 2020 - Or\u00e7amento Participativo\" \/>\n<meta property=\"og:description\" content=\"Acompanhe as pr\u00f3ximas plen\u00e1rias para indicar as demandas dos bairros e elei\u00e7\u00e3o dos delegados Com a elei\u00e7\u00e3o de quatro delegados e a indica\u00e7\u00e3o de 25 demandas de obras e melhorias para as vilas Natal e Esperan\u00e7a, a Prefeitura de Cubat\u00e3o deu in\u00edcio na noite desta sexta-feira (12), na UME D. Pedro II, \u00e0s sess\u00f5es plen\u00e1rias [&hellip;]\" \/>\n<meta property=\"og:url\" content=\"https:\/\/dev.aemsolutions.com.br\/orcamento-participativo-testes\/prefeitura-inicia-discussao-do-orcamento-participativo-com-a-populacao-para-2020\/\" \/>\n<meta property=\"og:site_name\" content=\"Or\u00e7amento Participativo\" \/>\n<meta property=\"article:published_time\" content=\"2019-07-13T20:23:09+00:00\" \/>\n<meta property=\"article:modified_time\" content=\"2025-02-28T13:17:59+00:00\" \/>\n<meta property=\"og:image\" content=\"https:\/\/dev.aemsolutions.com.br\/orcamento-participativo-testes\/wp-content\/uploads\/2024\/10\/pexels-bertellifotografia-3321789.jpg\" \/>\n\t<meta property=\"og:image:width\" content=\"720\" \/>\n\t<meta property=\"og:image:height\" content=\"405\" \/>\n\t<meta property=\"og:image:type\" content=\"image\/jpeg\" \/>\n<meta name=\"author\" content=\"Reda\u00e7\u00e3o\" \/>\n<meta name=\"twitter:card\" content=\"summary_large_image\" \/>\n<meta name=\"twitter:label1\" content=\"Escrito por\" \/>\n\t<meta name=\"twitter:data1\" content=\"Reda\u00e7\u00e3o\" \/>\n\t<meta name=\"twitter:label2\" content=\"Est. tempo de leitura\" \/>\n\t<meta name=\"twitter:data2\" content=\"4 minutos\" \/>\n<script type=\"application\/ld+json\" class=\"yoast-schema-graph\">{\"@context\":\"https:\/\/schema.org\",\"@graph\":[{\"@type\":\"Article\",\"@id\":\"https:\/\/dev.aemsolutions.com.br\/orcamento-participativo-testes\/prefeitura-inicia-discussao-do-orcamento-participativo-com-a-populacao-para-2020\/#article\",\"isPartOf\":{\"@id\":\"https:\/\/dev.aemsolutions.com.br\/orcamento-participativo-testes\/prefeitura-inicia-discussao-do-orcamento-participativo-com-a-populacao-para-2020\/\"},\"author\":{\"name\":\"Reda\u00e7\u00e3o\",\"@id\":\"https:\/\/dev.aemsolutions.com.br\/orcamento-participativo-testes\/#\/schema\/person\/054204022d9ae2bc7d3c052d70f5723d\"},\"headline\":\"Prefeitura inicia discuss\u00e3o do Or\u00e7amento Participativo co...\",\"datePublished\":\"2019-07-13T20:23:09+00:00\",\"dateModified\":\"2025-02-28T13:17:59+00:00\",\"mainEntityOfPage\":{\"@id\":\"https:\/\/dev.aemsolutions.com.br\/orcamento-participativo-testes\/prefeitura-inicia-discussao-do-orcamento-participativo-com-a-populacao-para-2020\/\"},\"wordCount\":614,\"publisher\":{\"@id\":\"https:\/\/dev.aemsolutions.com.br\/orcamento-participativo-testes\/#organization\"},\"image\":{\"@id\":\"https:\/\/dev.aemsolutions.com.br\/orcamento-participativo-testes\/prefeitura-inicia-discussao-do-orcamento-participativo-com-a-populacao-para-2020\/#primaryimage\"},\"thumbnailUrl\":\"https:\/\/dev.aemsolutions.com.br\/orcamento-participativo-testes\/wp-content\/uploads\/2024\/10\/pexels-bertellifotografia-3321789.jpg\",\"articleSection\":[\"Noticias OP\"],\"inLanguage\":\"pt-BR\"},{\"@type\":\"WebPage\",\"@id\":\"https:\/\/dev.aemsolutions.com.br\/orcamento-participativo-testes\/prefeitura-inicia-discussao-do-orcamento-participativo-com-a-populacao-para-2020\/\",\"url\":\"https:\/\/dev.aemsolutions.com.br\/orcamento-participativo-testes\/prefeitura-inicia-discussao-do-orcamento-participativo-com-a-populacao-para-2020\/\",\"name\":\"Prefeitura inicia discuss\u00e3o do Or\u00e7amento Participativo com a popula\u00e7\u00e3o para 2020 - Or\u00e7amento Participativo\",\"isPartOf\":{\"@id\":\"https:\/\/dev.aemsolutions.com.br\/orcamento-participativo-testes\/#website\"},\"primaryImageOfPage\":{\"@id\":\"https:\/\/dev.aemsolutions.com.br\/orcamento-participativo-testes\/prefeitura-inicia-discussao-do-orcamento-participativo-com-a-populacao-para-2020\/#primaryimage\"},\"image\":{\"@id\":\"https:\/\/dev.aemsolutions.com.br\/orcamento-participativo-testes\/prefeitura-inicia-discussao-do-orcamento-participativo-com-a-populacao-para-2020\/#primaryimage\"},\"thumbnailUrl\":\"https:\/\/dev.aemsolutions.com.br\/orcamento-participativo-testes\/wp-content\/uploads\/2024\/10\/pexels-bertellifotografia-3321789.jpg\",\"datePublished\":\"2019-07-13T20:23:09+00:00\",\"dateModified\":\"2025-02-28T13:17:59+00:00\",\"breadcrumb\":{\"@id\":\"https:\/\/dev.aemsolutions.com.br\/orcamento-participativo-testes\/prefeitura-inicia-discussao-do-orcamento-participativo-com-a-populacao-para-2020\/#breadcrumb\"},\"inLanguage\":\"pt-BR\",\"potentialAction\":[{\"@type\":\"ReadAction\",\"target\":[\"https:\/\/dev.aemsolutions.com.br\/orcamento-participativo-testes\/prefeitura-inicia-discussao-do-orcamento-participativo-com-a-populacao-para-2020\/\"]}]},{\"@type\":\"ImageObject\",\"inLanguage\":\"pt-BR\",\"@id\":\"https:\/\/dev.aemsolutions.com.br\/orcamento-participativo-testes\/prefeitura-inicia-discussao-do-orcamento-participativo-com-a-populacao-para-2020\/#primaryimage\",\"url\":\"https:\/\/dev.aemsolutions.com.br\/orcamento-participativo-testes\/wp-content\/uploads\/2024\/10\/pexels-bertellifotografia-3321789.jpg\",\"contentUrl\":\"https:\/\/dev.aemsolutions.com.br\/orcamento-participativo-testes\/wp-content\/uploads\/2024\/10\/pexels-bertellifotografia-3321789.jpg\",\"width\":720,\"height\":405,\"caption\":\"bertellifotografia\"},{\"@type\":\"BreadcrumbList\",\"@id\":\"https:\/\/dev.aemsolutions.com.br\/orcamento-participativo-testes\/prefeitura-inicia-discussao-do-orcamento-participativo-com-a-populacao-para-2020\/#breadcrumb\",\"itemListElement\":[{\"@type\":\"ListItem\",\"position\":1,\"name\":\"In\u00edcio\",\"item\":\"https:\/\/dev.aemsolutions.com.br\/orcamento-participativo-testes\/\"},{\"@type\":\"ListItem\",\"position\":2,\"name\":\"Prefeitura inicia discuss\u00e3o do Or\u00e7amento Participativo co...\"}]},{\"@type\":\"WebSite\",\"@id\":\"https:\/\/dev.aemsolutions.com.br\/orcamento-participativo-testes\/#website\",\"url\":\"https:\/\/dev.aemsolutions.com.br\/orcamento-participativo-testes\/\",\"name\":\"Or\u00e7amento Participativo\",\"description\":\"Or\u00e7amento Participativo do Mun\u00edcipio de Cubat\u00e3o\",\"publisher\":{\"@id\":\"https:\/\/dev.aemsolutions.com.br\/orcamento-participativo-testes\/#organization\"},\"potentialAction\":[{\"@type\":\"SearchAction\",\"target\":{\"@type\":\"EntryPoint\",\"urlTemplate\":\"https:\/\/dev.aemsolutions.com.br\/orcamento-participativo-testes\/?s={search_term_string}\"},\"query-input\":{\"@type\":\"PropertyValueSpecification\",\"valueRequired\":true,\"valueName\":\"search_term_string\"}}],\"inLanguage\":\"pt-BR\"},{\"@type\":\"Organization\",\"@id\":\"https:\/\/dev.aemsolutions.com.br\/orcamento-participativo-testes\/#organization\",\"name\":\"Or\u00e7amento Participativo\",\"url\":\"https:\/\/dev.aemsolutions.com.br\/orcamento-participativo-testes\/\",\"logo\":{\"@type\":\"ImageObject\",\"inLanguage\":\"pt-BR\",\"@id\":\"https:\/\/dev.aemsolutions.com.br\/orcamento-participativo-testes\/#\/schema\/logo\/image\/\",\"url\":\"https:\/\/dev.aemsolutions.com.br\/orcamento-participativo-testes\/wp-content\/uploads\/2025\/02\/cubatao-logo.png\",\"contentUrl\":\"https:\/\/dev.aemsolutions.com.br\/orcamento-participativo-testes\/wp-content\/uploads\/2025\/02\/cubatao-logo.png\",\"width\":316,\"height\":90,\"caption\":\"Or\u00e7amento Participativo\"},\"image\":{\"@id\":\"https:\/\/dev.aemsolutions.com.br\/orcamento-participativo-testes\/#\/schema\/logo\/image\/\"}},{\"@type\":\"Person\",\"@id\":\"https:\/\/dev.aemsolutions.com.br\/orcamento-participativo-testes\/#\/schema\/person\/054204022d9ae2bc7d3c052d70f5723d\",\"name\":\"Reda\u00e7\u00e3o\",\"image\":{\"@type\":\"ImageObject\",\"inLanguage\":\"pt-BR\",\"@id\":\"https:\/\/dev.aemsolutions.com.br\/orcamento-participativo-testes\/#\/schema\/person\/image\/\",\"url\":\"https:\/\/secure.gravatar.com\/avatar\/8e4f3d6073341decc069e2dbca2d692f01c8f9383c63f3fb860d406352f3a49e?s=96&d=mm&r=g\",\"contentUrl\":\"https:\/\/secure.gravatar.com\/avatar\/8e4f3d6073341decc069e2dbca2d692f01c8f9383c63f3fb860d406352f3a49e?s=96&d=mm&r=g\",\"caption\":\"Reda\u00e7\u00e3o\"},\"sameAs\":[\"https:\/\/cubatao.aemsolutions.com.br\"],\"url\":\"https:\/\/dev.aemsolutions.com.br\/orcamento-participativo-testes\/author\/admin_a53yh0vq\/\"}]}<\/script>\n<!-- \/ Yoast SEO plugin. -->","yoast_head_json":{"title":"Prefeitura inicia discuss\u00e3o do Or\u00e7amento Participativo com a popula\u00e7\u00e3o para 2020 - Or\u00e7amento Participativo","robots":{"index":"index","follow":"follow","max-snippet":"max-snippet:-1","max-image-preview":"max-image-preview:large","max-video-preview":"max-video-preview:-1"},"canonical":"https:\/\/dev.aemsolutions.com.br\/orcamento-participativo-testes\/prefeitura-inicia-discussao-do-orcamento-participativo-com-a-populacao-para-2020\/","og_locale":"pt_BR","og_type":"article","og_title":"Prefeitura inicia discuss\u00e3o do Or\u00e7amento Participativo com a popula\u00e7\u00e3o para 2020 - Or\u00e7amento Participativo","og_description":"Acompanhe as pr\u00f3ximas plen\u00e1rias para indicar as demandas dos bairros e elei\u00e7\u00e3o dos delegados Com a elei\u00e7\u00e3o de quatro delegados e a indica\u00e7\u00e3o de 25 demandas de obras e melhorias para as vilas Natal e Esperan\u00e7a, a Prefeitura de Cubat\u00e3o deu in\u00edcio na noite desta sexta-feira (12), na UME D. Pedro II, \u00e0s sess\u00f5es plen\u00e1rias [&hellip;]","og_url":"https:\/\/dev.aemsolutions.com.br\/orcamento-participativo-testes\/prefeitura-inicia-discussao-do-orcamento-participativo-com-a-populacao-para-2020\/","og_site_name":"Or\u00e7amento Participativo","article_published_time":"2019-07-13T20:23:09+00:00","article_modified_time":"2025-02-28T13:17:59+00:00","og_image":[{"width":720,"height":405,"url":"https:\/\/dev.aemsolutions.com.br\/orcamento-participativo-testes\/wp-content\/uploads\/2024\/10\/pexels-bertellifotografia-3321789.jpg","type":"image\/jpeg"}],"author":"Reda\u00e7\u00e3o","twitter_card":"summary_large_image","twitter_misc":{"Escrito por":"Reda\u00e7\u00e3o","Est. tempo de leitura":"4 minutos"},"schema":{"@context":"https:\/\/schema.org","@graph":[{"@type":"Article","@id":"https:\/\/dev.aemsolutions.com.br\/orcamento-participativo-testes\/prefeitura-inicia-discussao-do-orcamento-participativo-com-a-populacao-para-2020\/#article","isPartOf":{"@id":"https:\/\/dev.aemsolutions.com.br\/orcamento-participativo-testes\/prefeitura-inicia-discussao-do-orcamento-participativo-com-a-populacao-para-2020\/"},"author":{"name":"Reda\u00e7\u00e3o","@id":"https:\/\/dev.aemsolutions.com.br\/orcamento-participativo-testes\/#\/schema\/person\/054204022d9ae2bc7d3c052d70f5723d"},"headline":"Prefeitura inicia discuss\u00e3o do Or\u00e7amento Participativo co...","datePublished":"2019-07-13T20:23:09+00:00","dateModified":"2025-02-28T13:17:59+00:00","mainEntityOfPage":{"@id":"https:\/\/dev.aemsolutions.com.br\/orcamento-participativo-testes\/prefeitura-inicia-discussao-do-orcamento-participativo-com-a-populacao-para-2020\/"},"wordCount":614,"publisher":{"@id":"https:\/\/dev.aemsolutions.com.br\/orcamento-participativo-testes\/#organization"},"image":{"@id":"https:\/\/dev.aemsolutions.com.br\/orcamento-participativo-testes\/prefeitura-inicia-discussao-do-orcamento-participativo-com-a-populacao-para-2020\/#primaryimage"},"thumbnailUrl":"https:\/\/dev.aemsolutions.com.br\/orcamento-participativo-testes\/wp-content\/uploads\/2024\/10\/pexels-bertellifotografia-3321789.jpg","articleSection":["Noticias OP"],"inLanguage":"pt-BR"},{"@type":"WebPage","@id":"https:\/\/dev.aemsolutions.com.br\/orcamento-participativo-testes\/prefeitura-inicia-discussao-do-orcamento-participativo-com-a-populacao-para-2020\/","url":"https:\/\/dev.aemsolutions.com.br\/orcamento-participativo-testes\/prefeitura-inicia-discussao-do-orcamento-participativo-com-a-populacao-para-2020\/","name":"Prefeitura inicia discuss\u00e3o do Or\u00e7amento Participativo com a popula\u00e7\u00e3o para 2020 - Or\u00e7amento Participativo","isPartOf":{"@id":"https:\/\/dev.aemsolutions.com.br\/orcamento-participativo-testes\/#website"},"primaryImageOfPage":{"@id":"https:\/\/dev.aemsolutions.com.br\/orcamento-participativo-testes\/prefeitura-inicia-discussao-do-orcamento-participativo-com-a-populacao-para-2020\/#primaryimage"},"image":{"@id":"https:\/\/dev.aemsolutions.com.br\/orcamento-participativo-testes\/prefeitura-inicia-discussao-do-orcamento-participativo-com-a-populacao-para-2020\/#primaryimage"},"thumbnailUrl":"https:\/\/dev.aemsolutions.com.br\/orcamento-participativo-testes\/wp-content\/uploads\/2024\/10\/pexels-bertellifotografia-3321789.jpg","datePublished":"2019-07-13T20:23:09+00:00","dateModified":"2025-02-28T13:17:59+00:00","breadcrumb":{"@id":"https:\/\/dev.aemsolutions.com.br\/orcamento-participativo-testes\/prefeitura-inicia-discussao-do-orcamento-participativo-com-a-populacao-para-2020\/#breadcrumb"},"inLanguage":"pt-BR","potentialAction":[{"@type":"ReadAction","target":["https:\/\/dev.aemsolutions.com.br\/orcamento-participativo-testes\/prefeitura-inicia-discussao-do-orcamento-participativo-com-a-populacao-para-2020\/"]}]},{"@type":"ImageObject","inLanguage":"pt-BR","@id":"https:\/\/dev.aemsolutions.com.br\/orcamento-participativo-testes\/prefeitura-inicia-discussao-do-orcamento-participativo-com-a-populacao-para-2020\/#primaryimage","url":"https:\/\/dev.aemsolutions.com.br\/orcamento-participativo-testes\/wp-content\/uploads\/2024\/10\/pexels-bertellifotografia-3321789.jpg","contentUrl":"https:\/\/dev.aemsolutions.com.br\/orcamento-participativo-testes\/wp-content\/uploads\/2024\/10\/pexels-bertellifotografia-3321789.jpg","width":720,"height":405,"caption":"bertellifotografia"},{"@type":"BreadcrumbList","@id":"https:\/\/dev.aemsolutions.com.br\/orcamento-participativo-testes\/prefeitura-inicia-discussao-do-orcamento-participativo-com-a-populacao-para-2020\/#breadcrumb","itemListElement":[{"@type":"ListItem","position":1,"name":"In\u00edcio","item":"https:\/\/dev.aemsolutions.com.br\/orcamento-participativo-testes\/"},{"@type":"ListItem","position":2,"name":"Prefeitura inicia discuss\u00e3o do Or\u00e7amento Participativo co..."}]},{"@type":"WebSite","@id":"https:\/\/dev.aemsolutions.com.br\/orcamento-participativo-testes\/#website","url":"https:\/\/dev.aemsolutions.com.br\/orcamento-participativo-testes\/","name":"Or\u00e7amento Participativo","description":"Or\u00e7amento Participativo do Mun\u00edcipio de Cubat\u00e3o","publisher":{"@id":"https:\/\/dev.aemsolutions.com.br\/orcamento-participativo-testes\/#organization"},"potentialAction":[{"@type":"SearchAction","target":{"@type":"EntryPoint","urlTemplate":"https:\/\/dev.aemsolutions.com.br\/orcamento-participativo-testes\/?s={search_term_string}"},"query-input":{"@type":"PropertyValueSpecification","valueRequired":true,"valueName":"search_term_string"}}],"inLanguage":"pt-BR"},{"@type":"Organization","@id":"https:\/\/dev.aemsolutions.com.br\/orcamento-participativo-testes\/#organization","name":"Or\u00e7amento Participativo","url":"https:\/\/dev.aemsolutions.com.br\/orcamento-participativo-testes\/","logo":{"@type":"ImageObject","inLanguage":"pt-BR","@id":"https:\/\/dev.aemsolutions.com.br\/orcamento-participativo-testes\/#\/schema\/logo\/image\/","url":"https:\/\/dev.aemsolutions.com.br\/orcamento-participativo-testes\/wp-content\/uploads\/2025\/02\/cubatao-logo.png","contentUrl":"https:\/\/dev.aemsolutions.com.br\/orcamento-participativo-testes\/wp-content\/uploads\/2025\/02\/cubatao-logo.png","width":316,"height":90,"caption":"Or\u00e7amento Participativo"},"image":{"@id":"https:\/\/dev.aemsolutions.com.br\/orcamento-participativo-testes\/#\/schema\/logo\/image\/"}},{"@type":"Person","@id":"https:\/\/dev.aemsolutions.com.br\/orcamento-participativo-testes\/#\/schema\/person\/054204022d9ae2bc7d3c052d70f5723d","name":"Reda\u00e7\u00e3o","image":{"@type":"ImageObject","inLanguage":"pt-BR","@id":"https:\/\/dev.aemsolutions.com.br\/orcamento-participativo-testes\/#\/schema\/person\/image\/","url":"https:\/\/secure.gravatar.com\/avatar\/8e4f3d6073341decc069e2dbca2d692f01c8f9383c63f3fb860d406352f3a49e?s=96&d=mm&r=g","contentUrl":"https:\/\/secure.gravatar.com\/avatar\/8e4f3d6073341decc069e2dbca2d692f01c8f9383c63f3fb860d406352f3a49e?s=96&d=mm&r=g","caption":"Reda\u00e7\u00e3o"},"sameAs":["https:\/\/cubatao.aemsolutions.com.br"],"url":"https:\/\/dev.aemsolutions.com.br\/orcamento-participativo-testes\/author\/admin_a53yh0vq\/"}]}},"_links":{"self":[{"href":"https:\/\/dev.aemsolutions.com.br\/orcamento-participativo-testes\/wp-json\/wp\/v2\/posts\/313","targetHints":{"allow":["GET"]}}],"collection":[{"href":"https:\/\/dev.aemsolutions.com.br\/orcamento-participativo-testes\/wp-json\/wp\/v2\/posts"}],"about":[{"href":"https:\/\/dev.aemsolutions.com.br\/orcamento-participativo-testes\/wp-json\/wp\/v2\/types\/post"}],"author":[{"embeddable":true,"href":"https:\/\/dev.aemsolutions.com.br\/orcamento-participativo-testes\/wp-json\/wp\/v2\/users\/1"}],"replies":[{"embeddable":true,"href":"https:\/\/dev.aemsolutions.com.br\/orcamento-participativo-testes\/wp-json\/wp\/v2\/comments?post=313"}],"version-history":[{"count":1,"href":"https:\/\/dev.aemsolutions.com.br\/orcamento-participativo-testes\/wp-json\/wp\/v2\/posts\/313\/revisions"}],"predecessor-version":[{"id":1951,"href":"https:\/\/dev.aemsolutions.com.br\/orcamento-participativo-testes\/wp-json\/wp\/v2\/posts\/313\/revisions\/1951"}],"wp:featuredmedia":[{"embeddable":true,"href":"https:\/\/dev.aemsolutions.com.br\/orcamento-participativo-testes\/wp-json\/wp\/v2\/media\/1929"}],"wp:attachment":[{"href":"https:\/\/dev.aemsolutions.com.br\/orcamento-participativo-testes\/wp-json\/wp\/v2\/media?parent=313"}],"wp:term":[{"taxonomy":"category","embeddable":true,"href":"https:\/\/dev.aemsolutions.com.br\/orcamento-participativo-testes\/wp-json\/wp\/v2\/categories?post=313"},{"taxonomy":"post_tag","embeddable":true,"href":"https:\/\/dev.aemsolutions.com.br\/orcamento-participativo-testes\/wp-json\/wp\/v2\/tags?post=313"}],"curies":[{"name":"wp","href":"https:\/\/api.w.org\/{rel}","templated":true}]}}