{"id":322,"date":"2022-09-27T22:54:57","date_gmt":"2022-09-27T19:54:57","guid":{"rendered":"https:\/\/orcamentoparticipativo.cubatao.sp.gov.br\/apresentacao-do-projeto-de-lei-orcamentaria-anual-e-nesta-quinta-feira-29-de-forma-virtual\/"},"modified":"2025-02-28T13:13:20","modified_gmt":"2025-02-28T13:13:20","slug":"apresentacao-do-projeto-de-lei-orcamentaria-anual-e-nesta-quinta-feira-29-de-forma-virtual","status":"publish","type":"post","link":"https:\/\/dev.aemsolutions.com.br\/orcamento-participativo-testes\/apresentacao-do-projeto-de-lei-orcamentaria-anual-e-nesta-quinta-feira-29-de-forma-virtual\/","title":{"rendered":"Apresenta\u00e7\u00e3o do projeto de Lei Or\u00e7ament\u00e1ria\u00a0Anual \u00e9 nesta..."},"content":{"rendered":"<div>\n<p>A Prefeitura de Cubat\u00e3o, por meio da Secretaria Municipal de Planejamento (Seplan), informa que haver\u00e1 audi\u00eancia p\u00fablica para apresenta\u00e7\u00e3o do Projeto de Lei Or\u00e7ament\u00e1ria Anual, na pr\u00f3xima quinta-feira (29). Encontro ocorre de forma virtual das 10h \u00e0s 12h.\u00a0Mun\u00edcipes interessados em participar da audi\u00eancia devem acessar o link: <a href=\"https:\/\/meet.google.com\/kqx-uhnv-wru\">https:\/\/meet.google.com\/kqx-uhnv-wru<\/a> ou discar: +1 662-732-0802 PIN: 977 451 669#.<\/p>\n<p>O encontro ter\u00e1 apresenta\u00e7\u00f5es das receitas e despesas da Administra\u00e7\u00e3o direta e indireta, os valores destinados aos gastos com educa\u00e7\u00e3o, sa\u00fade e pessoal e tamb\u00e9m o que foi destinado \u00e0s emendas impositivas dos vereadores. Por conta disso, a import\u00e2ncia da popula\u00e7\u00e3o participar \u00e9 para que tome conhecimento do que se pretende e como ser\u00e3o utilizados os recursos do Or\u00e7amento.<\/p>\n<p>Vale frisar que j\u00e1 houve a etapa de sugest\u00f5es, por meio do Or\u00e7amento Participativo Eletr\u00f4nico. Etapa na qual os moradores puderam dar sugest\u00f5es para aplica\u00e7\u00e3o das verbas nas \u00e1reas de Sa\u00fade, Educa\u00e7\u00e3o e Seguran\u00e7a. Cerca de 500 pessoas participaram do encontro.\u00a0A Seplan tamb\u00e9m informa que ap\u00f3s a apresenta\u00e7\u00e3o do Projeto, os mun\u00edcipes ter\u00e3o espa\u00e7o para abordar d\u00favidas.<\/p>\n<p>Foto: Banco de imagens <a href=\"https:\/\/www.freepik.com\/free-photo\/woman-video-conference-call-her-home-office-during-coronavirus-pandemic_18835455.htm\">Freepik<\/a><\/p>\n<\/div>\n","protected":false},"excerpt":{"rendered":"<p>A Prefeitura de Cubat\u00e3o, por meio da Secretaria Municipal de Planejamento (Seplan), informa que haver\u00e1 audi\u00eancia p\u00fablica para apresenta\u00e7\u00e3o do Projeto de Lei Or\u00e7ament\u00e1ria Anual, na pr\u00f3xima quinta-feira (29). Encontro ocorre de forma virtual das 10h \u00e0s 12h. Mun\u00edcipes interessados em participar da audi\u00eancia devem acessar o link: https:\/\/meet.google.com\/kqx-uhnv-wru ou discar: +1 662-732-0802 PIN: 977 451 669#.<\/p>\n","protected":false},"author":1,"featured_media":1935,"comment_status":"closed","ping_status":"closed","sticky":false,"template":"","format":"standard","meta":{"footnotes":""},"categories":[56],"tags":[],"class_list":["post-322","post","type-post","status-publish","format-standard","has-post-thumbnail","hentry","category-noticias-op"],"acf":[],"yoast_head":"<!-- This site is optimized with the Yoast SEO plugin v25.4 - https:\/\/yoast.com\/wordpress\/plugins\/seo\/ -->\n<title>Apresenta\u00e7\u00e3o do projeto de Lei Or\u00e7ament\u00e1ria\u00a0Anual \u00e9 nesta quinta-feira (29) de forma virtual - Or\u00e7amento Participativo<\/title>\n<meta name=\"robots\" content=\"index, follow, max-snippet:-1, max-image-preview:large, max-video-preview:-1\" \/>\n<link rel=\"canonical\" href=\"https:\/\/dev.aemsolutions.com.br\/orcamento-participativo-testes\/apresentacao-do-projeto-de-lei-orcamentaria-anual-e-nesta-quinta-feira-29-de-forma-virtual\/\" \/>\n<meta property=\"og:locale\" content=\"pt_BR\" \/>\n<meta property=\"og:type\" content=\"article\" \/>\n<meta property=\"og:title\" content=\"Apresenta\u00e7\u00e3o do projeto de Lei Or\u00e7ament\u00e1ria\u00a0Anual \u00e9 nesta quinta-feira (29) de forma virtual - Or\u00e7amento Participativo\" \/>\n<meta property=\"og:description\" content=\"A Prefeitura de Cubat\u00e3o, por meio da Secretaria Municipal de Planejamento (Seplan), informa que haver\u00e1 audi\u00eancia p\u00fablica para apresenta\u00e7\u00e3o do Projeto de Lei Or\u00e7ament\u00e1ria Anual, na pr\u00f3xima quinta-feira (29). Encontro ocorre de forma virtual das 10h \u00e0s 12h. Mun\u00edcipes interessados em participar da audi\u00eancia devem acessar o link: https:\/\/meet.google.com\/kqx-uhnv-wru ou discar: +1 662-732-0802 PIN: 977 451 669#.\" \/>\n<meta property=\"og:url\" content=\"https:\/\/dev.aemsolutions.com.br\/orcamento-participativo-testes\/apresentacao-do-projeto-de-lei-orcamentaria-anual-e-nesta-quinta-feira-29-de-forma-virtual\/\" \/>\n<meta property=\"og:site_name\" content=\"Or\u00e7amento Participativo\" \/>\n<meta property=\"article:published_time\" content=\"2022-09-27T19:54:57+00:00\" \/>\n<meta property=\"article:modified_time\" content=\"2025-02-28T13:13:20+00:00\" \/>\n<meta property=\"og:image\" content=\"https:\/\/dev.aemsolutions.com.br\/orcamento-participativo-testes\/wp-content\/uploads\/2024\/10\/pexels-hillaryfox-1595385.jpg\" \/>\n\t<meta property=\"og:image:width\" content=\"720\" \/>\n\t<meta property=\"og:image:height\" content=\"480\" \/>\n\t<meta property=\"og:image:type\" content=\"image\/jpeg\" \/>\n<meta name=\"author\" content=\"Reda\u00e7\u00e3o\" \/>\n<meta name=\"twitter:card\" content=\"summary_large_image\" \/>\n<meta name=\"twitter:label1\" content=\"Escrito por\" \/>\n\t<meta name=\"twitter:data1\" content=\"Reda\u00e7\u00e3o\" \/>\n\t<meta name=\"twitter:label2\" content=\"Est. tempo de leitura\" \/>\n\t<meta name=\"twitter:data2\" content=\"2 minutos\" \/>\n<script type=\"application\/ld+json\" class=\"yoast-schema-graph\">{\"@context\":\"https:\/\/schema.org\",\"@graph\":[{\"@type\":\"Article\",\"@id\":\"https:\/\/dev.aemsolutions.com.br\/orcamento-participativo-testes\/apresentacao-do-projeto-de-lei-orcamentaria-anual-e-nesta-quinta-feira-29-de-forma-virtual\/#article\",\"isPartOf\":{\"@id\":\"https:\/\/dev.aemsolutions.com.br\/orcamento-participativo-testes\/apresentacao-do-projeto-de-lei-orcamentaria-anual-e-nesta-quinta-feira-29-de-forma-virtual\/\"},\"author\":{\"name\":\"Reda\u00e7\u00e3o\",\"@id\":\"https:\/\/dev.aemsolutions.com.br\/orcamento-participativo-testes\/#\/schema\/person\/054204022d9ae2bc7d3c052d70f5723d\"},\"headline\":\"Apresenta\u00e7\u00e3o do projeto de Lei Or\u00e7ament\u00e1ria\u00a0Anual \u00e9 nesta...\",\"datePublished\":\"2022-09-27T19:54:57+00:00\",\"dateModified\":\"2025-02-28T13:13:20+00:00\",\"mainEntityOfPage\":{\"@id\":\"https:\/\/dev.aemsolutions.com.br\/orcamento-participativo-testes\/apresentacao-do-projeto-de-lei-orcamentaria-anual-e-nesta-quinta-feira-29-de-forma-virtual\/\"},\"wordCount\":225,\"publisher\":{\"@id\":\"https:\/\/dev.aemsolutions.com.br\/orcamento-participativo-testes\/#organization\"},\"image\":{\"@id\":\"https:\/\/dev.aemsolutions.com.br\/orcamento-participativo-testes\/apresentacao-do-projeto-de-lei-orcamentaria-anual-e-nesta-quinta-feira-29-de-forma-virtual\/#primaryimage\"},\"thumbnailUrl\":\"https:\/\/dev.aemsolutions.com.br\/orcamento-participativo-testes\/wp-content\/uploads\/2024\/10\/pexels-hillaryfox-1595385.jpg\",\"articleSection\":[\"Noticias OP\"],\"inLanguage\":\"pt-BR\"},{\"@type\":\"WebPage\",\"@id\":\"https:\/\/dev.aemsolutions.com.br\/orcamento-participativo-testes\/apresentacao-do-projeto-de-lei-orcamentaria-anual-e-nesta-quinta-feira-29-de-forma-virtual\/\",\"url\":\"https:\/\/dev.aemsolutions.com.br\/orcamento-participativo-testes\/apresentacao-do-projeto-de-lei-orcamentaria-anual-e-nesta-quinta-feira-29-de-forma-virtual\/\",\"name\":\"Apresenta\u00e7\u00e3o do projeto de Lei Or\u00e7ament\u00e1ria\u00a0Anual \u00e9 nesta quinta-feira (29) de forma virtual - Or\u00e7amento Participativo\",\"isPartOf\":{\"@id\":\"https:\/\/dev.aemsolutions.com.br\/orcamento-participativo-testes\/#website\"},\"primaryImageOfPage\":{\"@id\":\"https:\/\/dev.aemsolutions.com.br\/orcamento-participativo-testes\/apresentacao-do-projeto-de-lei-orcamentaria-anual-e-nesta-quinta-feira-29-de-forma-virtual\/#primaryimage\"},\"image\":{\"@id\":\"https:\/\/dev.aemsolutions.com.br\/orcamento-participativo-testes\/apresentacao-do-projeto-de-lei-orcamentaria-anual-e-nesta-quinta-feira-29-de-forma-virtual\/#primaryimage\"},\"thumbnailUrl\":\"https:\/\/dev.aemsolutions.com.br\/orcamento-participativo-testes\/wp-content\/uploads\/2024\/10\/pexels-hillaryfox-1595385.jpg\",\"datePublished\":\"2022-09-27T19:54:57+00:00\",\"dateModified\":\"2025-02-28T13:13:20+00:00\",\"breadcrumb\":{\"@id\":\"https:\/\/dev.aemsolutions.com.br\/orcamento-participativo-testes\/apresentacao-do-projeto-de-lei-orcamentaria-anual-e-nesta-quinta-feira-29-de-forma-virtual\/#breadcrumb\"},\"inLanguage\":\"pt-BR\",\"potentialAction\":[{\"@type\":\"ReadAction\",\"target\":[\"https:\/\/dev.aemsolutions.com.br\/orcamento-participativo-testes\/apresentacao-do-projeto-de-lei-orcamentaria-anual-e-nesta-quinta-feira-29-de-forma-virtual\/\"]}]},{\"@type\":\"ImageObject\",\"inLanguage\":\"pt-BR\",\"@id\":\"https:\/\/dev.aemsolutions.com.br\/orcamento-participativo-testes\/apresentacao-do-projeto-de-lei-orcamentaria-anual-e-nesta-quinta-feira-29-de-forma-virtual\/#primaryimage\",\"url\":\"https:\/\/dev.aemsolutions.com.br\/orcamento-participativo-testes\/wp-content\/uploads\/2024\/10\/pexels-hillaryfox-1595385.jpg\",\"contentUrl\":\"https:\/\/dev.aemsolutions.com.br\/orcamento-participativo-testes\/wp-content\/uploads\/2024\/10\/pexels-hillaryfox-1595385.jpg\",\"width\":720,\"height\":480},{\"@type\":\"BreadcrumbList\",\"@id\":\"https:\/\/dev.aemsolutions.com.br\/orcamento-participativo-testes\/apresentacao-do-projeto-de-lei-orcamentaria-anual-e-nesta-quinta-feira-29-de-forma-virtual\/#breadcrumb\",\"itemListElement\":[{\"@type\":\"ListItem\",\"position\":1,\"name\":\"In\u00edcio\",\"item\":\"https:\/\/dev.aemsolutions.com.br\/orcamento-participativo-testes\/\"},{\"@type\":\"ListItem\",\"position\":2,\"name\":\"Apresenta\u00e7\u00e3o do projeto de Lei Or\u00e7ament\u00e1ria\u00a0Anual \u00e9 nesta...\"}]},{\"@type\":\"WebSite\",\"@id\":\"https:\/\/dev.aemsolutions.com.br\/orcamento-participativo-testes\/#website\",\"url\":\"https:\/\/dev.aemsolutions.com.br\/orcamento-participativo-testes\/\",\"name\":\"Or\u00e7amento Participativo\",\"description\":\"Or\u00e7amento Participativo do Mun\u00edcipio de Cubat\u00e3o\",\"publisher\":{\"@id\":\"https:\/\/dev.aemsolutions.com.br\/orcamento-participativo-testes\/#organization\"},\"potentialAction\":[{\"@type\":\"SearchAction\",\"target\":{\"@type\":\"EntryPoint\",\"urlTemplate\":\"https:\/\/dev.aemsolutions.com.br\/orcamento-participativo-testes\/?s={search_term_string}\"},\"query-input\":{\"@type\":\"PropertyValueSpecification\",\"valueRequired\":true,\"valueName\":\"search_term_string\"}}],\"inLanguage\":\"pt-BR\"},{\"@type\":\"Organization\",\"@id\":\"https:\/\/dev.aemsolutions.com.br\/orcamento-participativo-testes\/#organization\",\"name\":\"Or\u00e7amento Participativo\",\"url\":\"https:\/\/dev.aemsolutions.com.br\/orcamento-participativo-testes\/\",\"logo\":{\"@type\":\"ImageObject\",\"inLanguage\":\"pt-BR\",\"@id\":\"https:\/\/dev.aemsolutions.com.br\/orcamento-participativo-testes\/#\/schema\/logo\/image\/\",\"url\":\"https:\/\/dev.aemsolutions.com.br\/orcamento-participativo-testes\/wp-content\/uploads\/2025\/02\/cubatao-logo.png\",\"contentUrl\":\"https:\/\/dev.aemsolutions.com.br\/orcamento-participativo-testes\/wp-content\/uploads\/2025\/02\/cubatao-logo.png\",\"width\":316,\"height\":90,\"caption\":\"Or\u00e7amento Participativo\"},\"image\":{\"@id\":\"https:\/\/dev.aemsolutions.com.br\/orcamento-participativo-testes\/#\/schema\/logo\/image\/\"}},{\"@type\":\"Person\",\"@id\":\"https:\/\/dev.aemsolutions.com.br\/orcamento-participativo-testes\/#\/schema\/person\/054204022d9ae2bc7d3c052d70f5723d\",\"name\":\"Reda\u00e7\u00e3o\",\"image\":{\"@type\":\"ImageObject\",\"inLanguage\":\"pt-BR\",\"@id\":\"https:\/\/dev.aemsolutions.com.br\/orcamento-participativo-testes\/#\/schema\/person\/image\/\",\"url\":\"https:\/\/secure.gravatar.com\/avatar\/8e4f3d6073341decc069e2dbca2d692f01c8f9383c63f3fb860d406352f3a49e?s=96&d=mm&r=g\",\"contentUrl\":\"https:\/\/secure.gravatar.com\/avatar\/8e4f3d6073341decc069e2dbca2d692f01c8f9383c63f3fb860d406352f3a49e?s=96&d=mm&r=g\",\"caption\":\"Reda\u00e7\u00e3o\"},\"sameAs\":[\"https:\/\/cubatao.aemsolutions.com.br\"],\"url\":\"https:\/\/dev.aemsolutions.com.br\/orcamento-participativo-testes\/author\/admin_a53yh0vq\/\"}]}<\/script>\n<!-- \/ Yoast SEO plugin. -->","yoast_head_json":{"title":"Apresenta\u00e7\u00e3o do projeto de Lei Or\u00e7ament\u00e1ria\u00a0Anual \u00e9 nesta quinta-feira (29) de forma virtual - Or\u00e7amento Participativo","robots":{"index":"index","follow":"follow","max-snippet":"max-snippet:-1","max-image-preview":"max-image-preview:large","max-video-preview":"max-video-preview:-1"},"canonical":"https:\/\/dev.aemsolutions.com.br\/orcamento-participativo-testes\/apresentacao-do-projeto-de-lei-orcamentaria-anual-e-nesta-quinta-feira-29-de-forma-virtual\/","og_locale":"pt_BR","og_type":"article","og_title":"Apresenta\u00e7\u00e3o do projeto de Lei Or\u00e7ament\u00e1ria\u00a0Anual \u00e9 nesta quinta-feira (29) de forma virtual - Or\u00e7amento Participativo","og_description":"A Prefeitura de Cubat\u00e3o, por meio da Secretaria Municipal de Planejamento (Seplan), informa que haver\u00e1 audi\u00eancia p\u00fablica para apresenta\u00e7\u00e3o do Projeto de Lei Or\u00e7ament\u00e1ria Anual, na pr\u00f3xima quinta-feira (29). Encontro ocorre de forma virtual das 10h \u00e0s 12h. Mun\u00edcipes interessados em participar da audi\u00eancia devem acessar o link: https:\/\/meet.google.com\/kqx-uhnv-wru ou discar: +1 662-732-0802 PIN: 977 451 669#.","og_url":"https:\/\/dev.aemsolutions.com.br\/orcamento-participativo-testes\/apresentacao-do-projeto-de-lei-orcamentaria-anual-e-nesta-quinta-feira-29-de-forma-virtual\/","og_site_name":"Or\u00e7amento Participativo","article_published_time":"2022-09-27T19:54:57+00:00","article_modified_time":"2025-02-28T13:13:20+00:00","og_image":[{"width":720,"height":480,"url":"https:\/\/dev.aemsolutions.com.br\/orcamento-participativo-testes\/wp-content\/uploads\/2024\/10\/pexels-hillaryfox-1595385.jpg","type":"image\/jpeg"}],"author":"Reda\u00e7\u00e3o","twitter_card":"summary_large_image","twitter_misc":{"Escrito por":"Reda\u00e7\u00e3o","Est. tempo de leitura":"2 minutos"},"schema":{"@context":"https:\/\/schema.org","@graph":[{"@type":"Article","@id":"https:\/\/dev.aemsolutions.com.br\/orcamento-participativo-testes\/apresentacao-do-projeto-de-lei-orcamentaria-anual-e-nesta-quinta-feira-29-de-forma-virtual\/#article","isPartOf":{"@id":"https:\/\/dev.aemsolutions.com.br\/orcamento-participativo-testes\/apresentacao-do-projeto-de-lei-orcamentaria-anual-e-nesta-quinta-feira-29-de-forma-virtual\/"},"author":{"name":"Reda\u00e7\u00e3o","@id":"https:\/\/dev.aemsolutions.com.br\/orcamento-participativo-testes\/#\/schema\/person\/054204022d9ae2bc7d3c052d70f5723d"},"headline":"Apresenta\u00e7\u00e3o do projeto de Lei Or\u00e7ament\u00e1ria\u00a0Anual \u00e9 nesta...","datePublished":"2022-09-27T19:54:57+00:00","dateModified":"2025-02-28T13:13:20+00:00","mainEntityOfPage":{"@id":"https:\/\/dev.aemsolutions.com.br\/orcamento-participativo-testes\/apresentacao-do-projeto-de-lei-orcamentaria-anual-e-nesta-quinta-feira-29-de-forma-virtual\/"},"wordCount":225,"publisher":{"@id":"https:\/\/dev.aemsolutions.com.br\/orcamento-participativo-testes\/#organization"},"image":{"@id":"https:\/\/dev.aemsolutions.com.br\/orcamento-participativo-testes\/apresentacao-do-projeto-de-lei-orcamentaria-anual-e-nesta-quinta-feira-29-de-forma-virtual\/#primaryimage"},"thumbnailUrl":"https:\/\/dev.aemsolutions.com.br\/orcamento-participativo-testes\/wp-content\/uploads\/2024\/10\/pexels-hillaryfox-1595385.jpg","articleSection":["Noticias OP"],"inLanguage":"pt-BR"},{"@type":"WebPage","@id":"https:\/\/dev.aemsolutions.com.br\/orcamento-participativo-testes\/apresentacao-do-projeto-de-lei-orcamentaria-anual-e-nesta-quinta-feira-29-de-forma-virtual\/","url":"https:\/\/dev.aemsolutions.com.br\/orcamento-participativo-testes\/apresentacao-do-projeto-de-lei-orcamentaria-anual-e-nesta-quinta-feira-29-de-forma-virtual\/","name":"Apresenta\u00e7\u00e3o do projeto de Lei Or\u00e7ament\u00e1ria\u00a0Anual \u00e9 nesta quinta-feira (29) de forma virtual - Or\u00e7amento Participativo","isPartOf":{"@id":"https:\/\/dev.aemsolutions.com.br\/orcamento-participativo-testes\/#website"},"primaryImageOfPage":{"@id":"https:\/\/dev.aemsolutions.com.br\/orcamento-participativo-testes\/apresentacao-do-projeto-de-lei-orcamentaria-anual-e-nesta-quinta-feira-29-de-forma-virtual\/#primaryimage"},"image":{"@id":"https:\/\/dev.aemsolutions.com.br\/orcamento-participativo-testes\/apresentacao-do-projeto-de-lei-orcamentaria-anual-e-nesta-quinta-feira-29-de-forma-virtual\/#primaryimage"},"thumbnailUrl":"https:\/\/dev.aemsolutions.com.br\/orcamento-participativo-testes\/wp-content\/uploads\/2024\/10\/pexels-hillaryfox-1595385.jpg","datePublished":"2022-09-27T19:54:57+00:00","dateModified":"2025-02-28T13:13:20+00:00","breadcrumb":{"@id":"https:\/\/dev.aemsolutions.com.br\/orcamento-participativo-testes\/apresentacao-do-projeto-de-lei-orcamentaria-anual-e-nesta-quinta-feira-29-de-forma-virtual\/#breadcrumb"},"inLanguage":"pt-BR","potentialAction":[{"@type":"ReadAction","target":["https:\/\/dev.aemsolutions.com.br\/orcamento-participativo-testes\/apresentacao-do-projeto-de-lei-orcamentaria-anual-e-nesta-quinta-feira-29-de-forma-virtual\/"]}]},{"@type":"ImageObject","inLanguage":"pt-BR","@id":"https:\/\/dev.aemsolutions.com.br\/orcamento-participativo-testes\/apresentacao-do-projeto-de-lei-orcamentaria-anual-e-nesta-quinta-feira-29-de-forma-virtual\/#primaryimage","url":"https:\/\/dev.aemsolutions.com.br\/orcamento-participativo-testes\/wp-content\/uploads\/2024\/10\/pexels-hillaryfox-1595385.jpg","contentUrl":"https:\/\/dev.aemsolutions.com.br\/orcamento-participativo-testes\/wp-content\/uploads\/2024\/10\/pexels-hillaryfox-1595385.jpg","width":720,"height":480},{"@type":"BreadcrumbList","@id":"https:\/\/dev.aemsolutions.com.br\/orcamento-participativo-testes\/apresentacao-do-projeto-de-lei-orcamentaria-anual-e-nesta-quinta-feira-29-de-forma-virtual\/#breadcrumb","itemListElement":[{"@type":"ListItem","position":1,"name":"In\u00edcio","item":"https:\/\/dev.aemsolutions.com.br\/orcamento-participativo-testes\/"},{"@type":"ListItem","position":2,"name":"Apresenta\u00e7\u00e3o do projeto de Lei Or\u00e7ament\u00e1ria\u00a0Anual \u00e9 nesta..."}]},{"@type":"WebSite","@id":"https:\/\/dev.aemsolutions.com.br\/orcamento-participativo-testes\/#website","url":"https:\/\/dev.aemsolutions.com.br\/orcamento-participativo-testes\/","name":"Or\u00e7amento Participativo","description":"Or\u00e7amento Participativo do Mun\u00edcipio de Cubat\u00e3o","publisher":{"@id":"https:\/\/dev.aemsolutions.com.br\/orcamento-participativo-testes\/#organization"},"potentialAction":[{"@type":"SearchAction","target":{"@type":"EntryPoint","urlTemplate":"https:\/\/dev.aemsolutions.com.br\/orcamento-participativo-testes\/?s={search_term_string}"},"query-input":{"@type":"PropertyValueSpecification","valueRequired":true,"valueName":"search_term_string"}}],"inLanguage":"pt-BR"},{"@type":"Organization","@id":"https:\/\/dev.aemsolutions.com.br\/orcamento-participativo-testes\/#organization","name":"Or\u00e7amento Participativo","url":"https:\/\/dev.aemsolutions.com.br\/orcamento-participativo-testes\/","logo":{"@type":"ImageObject","inLanguage":"pt-BR","@id":"https:\/\/dev.aemsolutions.com.br\/orcamento-participativo-testes\/#\/schema\/logo\/image\/","url":"https:\/\/dev.aemsolutions.com.br\/orcamento-participativo-testes\/wp-content\/uploads\/2025\/02\/cubatao-logo.png","contentUrl":"https:\/\/dev.aemsolutions.com.br\/orcamento-participativo-testes\/wp-content\/uploads\/2025\/02\/cubatao-logo.png","width":316,"height":90,"caption":"Or\u00e7amento Participativo"},"image":{"@id":"https:\/\/dev.aemsolutions.com.br\/orcamento-participativo-testes\/#\/schema\/logo\/image\/"}},{"@type":"Person","@id":"https:\/\/dev.aemsolutions.com.br\/orcamento-participativo-testes\/#\/schema\/person\/054204022d9ae2bc7d3c052d70f5723d","name":"Reda\u00e7\u00e3o","image":{"@type":"ImageObject","inLanguage":"pt-BR","@id":"https:\/\/dev.aemsolutions.com.br\/orcamento-participativo-testes\/#\/schema\/person\/image\/","url":"https:\/\/secure.gravatar.com\/avatar\/8e4f3d6073341decc069e2dbca2d692f01c8f9383c63f3fb860d406352f3a49e?s=96&d=mm&r=g","contentUrl":"https:\/\/secure.gravatar.com\/avatar\/8e4f3d6073341decc069e2dbca2d692f01c8f9383c63f3fb860d406352f3a49e?s=96&d=mm&r=g","caption":"Reda\u00e7\u00e3o"},"sameAs":["https:\/\/cubatao.aemsolutions.com.br"],"url":"https:\/\/dev.aemsolutions.com.br\/orcamento-participativo-testes\/author\/admin_a53yh0vq\/"}]}},"_links":{"self":[{"href":"https:\/\/dev.aemsolutions.com.br\/orcamento-participativo-testes\/wp-json\/wp\/v2\/posts\/322","targetHints":{"allow":["GET"]}}],"collection":[{"href":"https:\/\/dev.aemsolutions.com.br\/orcamento-participativo-testes\/wp-json\/wp\/v2\/posts"}],"about":[{"href":"https:\/\/dev.aemsolutions.com.br\/orcamento-participativo-testes\/wp-json\/wp\/v2\/types\/post"}],"author":[{"embeddable":true,"href":"https:\/\/dev.aemsolutions.com.br\/orcamento-participativo-testes\/wp-json\/wp\/v2\/users\/1"}],"replies":[{"embeddable":true,"href":"https:\/\/dev.aemsolutions.com.br\/orcamento-participativo-testes\/wp-json\/wp\/v2\/comments?post=322"}],"version-history":[{"count":1,"href":"https:\/\/dev.aemsolutions.com.br\/orcamento-participativo-testes\/wp-json\/wp\/v2\/posts\/322\/revisions"}],"predecessor-version":[{"id":1943,"href":"https:\/\/dev.aemsolutions.com.br\/orcamento-participativo-testes\/wp-json\/wp\/v2\/posts\/322\/revisions\/1943"}],"wp:featuredmedia":[{"embeddable":true,"href":"https:\/\/dev.aemsolutions.com.br\/orcamento-participativo-testes\/wp-json\/wp\/v2\/media\/1935"}],"wp:attachment":[{"href":"https:\/\/dev.aemsolutions.com.br\/orcamento-participativo-testes\/wp-json\/wp\/v2\/media?parent=322"}],"wp:term":[{"taxonomy":"category","embeddable":true,"href":"https:\/\/dev.aemsolutions.com.br\/orcamento-participativo-testes\/wp-json\/wp\/v2\/categories?post=322"},{"taxonomy":"post_tag","embeddable":true,"href":"https:\/\/dev.aemsolutions.com.br\/orcamento-participativo-testes\/wp-json\/wp\/v2\/tags?post=322"}],"curies":[{"name":"wp","href":"https:\/\/api.w.org\/{rel}","templated":true}]}}