{"id":565,"date":"2024-10-07T23:45:34","date_gmt":"2024-10-07T20:45:34","guid":{"rendered":"https:\/\/orcamentoparticipativo.cubatao.sp.gov.br\/confira-as-propostas-escolhidas-pelos-municipes-na-consulta-publica-do-orcamento-participativo\/"},"modified":"2025-02-28T13:05:22","modified_gmt":"2025-02-28T13:05:22","slug":"confira-as-propostas-escolhidas-pelos-municipes-na-consulta-publica-do-orcamento-participativo","status":"publish","type":"post","link":"https:\/\/dev.aemsolutions.com.br\/orcamento-participativo-testes\/confira-as-propostas-escolhidas-pelos-municipes-na-consulta-publica-do-orcamento-participativo\/","title":{"rendered":"Confira as propostas escolhidas pelos mun\u00edcipes na consul..."},"content":{"rendered":"<div>\n<p>Por mais um ano, os cubatenses tiveram a oportunidade de submeter propostas para a utiliza\u00e7\u00e3o do dinheiro p\u00fablico atrav\u00e9s do Or\u00e7amento Participativo (OP). Entre 1\u00ba e 31 de agosto, o Departamento de Or\u00e7amento Participativo realizou uma consulta popular com a\u00e7\u00f5es elencadas pelas secretarias municipais para inclus\u00e3o na Lei Or\u00e7ament\u00e1ria Anual (LOA) 2025, permitindo que a comunidade escolhesse as prioridades para investimentos no munic\u00edpio.<\/p>\n<p>Foram consideradas sugest\u00f5es de diversas \u00e1reas, incluindo \u2018Sa\u00fade\u2019, com sistema de informatiza\u00e7\u00e3o, aumento da oferta de fisioterapia e aumento da oferta de exames de imagem; \u2018Manuten\u00e7\u00e3o e Servi\u00e7os P\u00fablicos\u2019, com manuten\u00e7\u00e3o de vias p\u00fablicas e cal\u00e7adas, manuten\u00e7\u00e3o de \u00e1reas verdes\/paisagismo e manuten\u00e7\u00e3o da rede de drenagem e galerias; e \u2018Educa\u00e7\u00e3o\u2019, com constru\u00e7\u00e3o de novas unidades de Educa\u00e7\u00e3o Infantil, reforma e manuten\u00e7\u00e3o das escolas e curr\u00edculo pedag\u00f3gico pr\u00f3prio.<\/p>\n<p>Aberta ao p\u00fablico, a avalia\u00e7\u00e3o dividiu a cidade em oito regi\u00f5es de aten\u00e7\u00e3o e contou com 219 votantes, incluindo mun\u00edcipes e pessoas n\u00e3o residentes, de acordo com a Secretaria Municipal de Planejamento (Seplan). J\u00e1 as escolhas foram:<\/p>\n<p><strong>SA\u00daDE<\/strong><\/p>\n<ul>\n<li>Aumento de Oferta de Exames de Imagem (57,3%);<\/li>\n<li>Sistema de Informatiza\u00e7\u00e3o de Sa\u00fade (25,7%);<\/li>\n<li>Aumento de Oferta de Fisioterapia (17%).<\/li>\n<\/ul>\n<p><strong>INFRAESTRUTURA<\/strong><\/p>\n<ul>\n<li>Manuten\u00e7\u00e3o de Vias P\u00fablicas e Cal\u00e7adas (45%);<\/li>\n<li>Manuten\u00e7\u00e3o de Redes de Drenagens e Galerias \u2013 Solu\u00e7\u00e3o de Enchentes (42,1%);<\/li>\n<li>Manuten\u00e7\u00e3o de \u00c1reas Verdes \/ Paisagismo (12%).<\/li>\n<\/ul>\n<p><strong>EDUCA\u00c7\u00c3O<\/strong><\/p>\n<ul>\n<li>Reforma e Manuten\u00e7\u00e3o de Unidades de Ensino (64,2%);<\/li>\n<li>Constru\u00e7\u00e3o de Novas Unidades de Educa\u00e7\u00e3o Infantil (27,9%);<\/li>\n<li>Desenvolvimento de curr\u00edculo pedag\u00f3gico pr\u00f3prio (7,9%).<\/li>\n<\/ul>\n<p><strong>Or\u00e7amento Participativo \u2013<\/strong> Permite \u00e0 popula\u00e7\u00e3o discutir or\u00e7amento, pol\u00edticas p\u00fablicas e tem como objetivo assegurar a participa\u00e7\u00e3o popular na defini\u00e7\u00e3o das prioridades para os investimentos p\u00fablicos do munic\u00edpio. Todas as indica\u00e7\u00f5es sugeridas s\u00e3o avaliadas pela Prefeitura de Cubat\u00e3o, visando ao atendimento da demanda pleiteada por programas espec\u00edficos (indica\u00e7\u00e3o popular) ou por programas que j\u00e1 est\u00e3o contemplados dentro do or\u00e7amento municipal.<\/p>\n<p>J\u00e1 a LOA \u00e9 o instrumento que detalha e possibilita a realiza\u00e7\u00e3o das prioridades estabelecidas na LDO; \u00e9 o or\u00e7amento propriamente dito. Ela estabelece a previs\u00e3o de todas as receitas a serem arrecadadas no ano e fixa os gastos que os Poderes e \u00f3rg\u00e3os est\u00e3o autorizados a executar.<\/p>\n<p><em>Por: Secom Cubat\u00e3o\/RP<br \/>\n<\/em><em>Foto: Arquivo PMC\/Concurso Fotogr\u00e1fico Secult<\/em><\/p>\n<\/div>\n","protected":false},"excerpt":{"rendered":"<p>Por mais um ano, os cubatenses tiveram a oportunidade de submeter propostas para a utiliza\u00e7\u00e3o do dinheiro p\u00fablico atrav\u00e9s do Or\u00e7amento Participativo (OP). Entre 1\u00ba e 31 de agosto, o Departamento de Or\u00e7amento Participativo realizou uma consulta popular com a\u00e7\u00f5es elencadas pelas secretarias municipais para inclus\u00e3o na Lei Or\u00e7ament\u00e1ria Anual (LOA) 2025, permitindo que a [&hellip;]<\/p>\n","protected":false},"author":1,"featured_media":1929,"comment_status":"closed","ping_status":"closed","sticky":false,"template":"","format":"standard","meta":{"footnotes":""},"categories":[56],"tags":[],"class_list":["post-565","post","type-post","status-publish","format-standard","has-post-thumbnail","hentry","category-noticias-op"],"acf":[],"yoast_head":"<!-- This site is optimized with the Yoast SEO plugin v25.4 - https:\/\/yoast.com\/wordpress\/plugins\/seo\/ -->\n<title>Confira as propostas escolhidas pelos mun\u00edcipes na consulta p\u00fablica do Or\u00e7amento Participativo - Or\u00e7amento Participativo<\/title>\n<meta name=\"robots\" content=\"index, follow, max-snippet:-1, max-image-preview:large, max-video-preview:-1\" \/>\n<link rel=\"canonical\" href=\"https:\/\/dev.aemsolutions.com.br\/orcamento-participativo-testes\/confira-as-propostas-escolhidas-pelos-municipes-na-consulta-publica-do-orcamento-participativo\/\" \/>\n<meta property=\"og:locale\" content=\"pt_BR\" \/>\n<meta property=\"og:type\" content=\"article\" \/>\n<meta property=\"og:title\" content=\"Confira as propostas escolhidas pelos mun\u00edcipes na consulta p\u00fablica do Or\u00e7amento Participativo - Or\u00e7amento Participativo\" \/>\n<meta property=\"og:description\" content=\"Por mais um ano, os cubatenses tiveram a oportunidade de submeter propostas para a utiliza\u00e7\u00e3o do dinheiro p\u00fablico atrav\u00e9s do Or\u00e7amento Participativo (OP). Entre 1\u00ba e 31 de agosto, o Departamento de Or\u00e7amento Participativo realizou uma consulta popular com a\u00e7\u00f5es elencadas pelas secretarias municipais para inclus\u00e3o na Lei Or\u00e7ament\u00e1ria Anual (LOA) 2025, permitindo que a [&hellip;]\" \/>\n<meta property=\"og:url\" content=\"https:\/\/dev.aemsolutions.com.br\/orcamento-participativo-testes\/confira-as-propostas-escolhidas-pelos-municipes-na-consulta-publica-do-orcamento-participativo\/\" \/>\n<meta property=\"og:site_name\" content=\"Or\u00e7amento Participativo\" \/>\n<meta property=\"article:published_time\" content=\"2024-10-07T20:45:34+00:00\" \/>\n<meta property=\"article:modified_time\" content=\"2025-02-28T13:05:22+00:00\" \/>\n<meta property=\"og:image\" content=\"https:\/\/dev.aemsolutions.com.br\/orcamento-participativo-testes\/wp-content\/uploads\/2024\/10\/pexels-bertellifotografia-3321789.jpg\" \/>\n\t<meta property=\"og:image:width\" content=\"720\" \/>\n\t<meta property=\"og:image:height\" content=\"405\" \/>\n\t<meta property=\"og:image:type\" content=\"image\/jpeg\" \/>\n<meta name=\"author\" content=\"Reda\u00e7\u00e3o\" \/>\n<meta name=\"twitter:card\" content=\"summary_large_image\" \/>\n<meta name=\"twitter:label1\" content=\"Escrito por\" \/>\n\t<meta name=\"twitter:data1\" content=\"Reda\u00e7\u00e3o\" \/>\n\t<meta name=\"twitter:label2\" content=\"Est. tempo de leitura\" \/>\n\t<meta name=\"twitter:data2\" content=\"3 minutos\" \/>\n<script type=\"application\/ld+json\" class=\"yoast-schema-graph\">{\"@context\":\"https:\/\/schema.org\",\"@graph\":[{\"@type\":\"Article\",\"@id\":\"https:\/\/dev.aemsolutions.com.br\/orcamento-participativo-testes\/confira-as-propostas-escolhidas-pelos-municipes-na-consulta-publica-do-orcamento-participativo\/#article\",\"isPartOf\":{\"@id\":\"https:\/\/dev.aemsolutions.com.br\/orcamento-participativo-testes\/confira-as-propostas-escolhidas-pelos-municipes-na-consulta-publica-do-orcamento-participativo\/\"},\"author\":{\"name\":\"Reda\u00e7\u00e3o\",\"@id\":\"https:\/\/dev.aemsolutions.com.br\/orcamento-participativo-testes\/#\/schema\/person\/054204022d9ae2bc7d3c052d70f5723d\"},\"headline\":\"Confira as propostas escolhidas pelos mun\u00edcipes na consul...\",\"datePublished\":\"2024-10-07T20:45:34+00:00\",\"dateModified\":\"2025-02-28T13:05:22+00:00\",\"mainEntityOfPage\":{\"@id\":\"https:\/\/dev.aemsolutions.com.br\/orcamento-participativo-testes\/confira-as-propostas-escolhidas-pelos-municipes-na-consulta-publica-do-orcamento-participativo\/\"},\"wordCount\":426,\"publisher\":{\"@id\":\"https:\/\/dev.aemsolutions.com.br\/orcamento-participativo-testes\/#organization\"},\"image\":{\"@id\":\"https:\/\/dev.aemsolutions.com.br\/orcamento-participativo-testes\/confira-as-propostas-escolhidas-pelos-municipes-na-consulta-publica-do-orcamento-participativo\/#primaryimage\"},\"thumbnailUrl\":\"https:\/\/dev.aemsolutions.com.br\/orcamento-participativo-testes\/wp-content\/uploads\/2024\/10\/pexels-bertellifotografia-3321789.jpg\",\"articleSection\":[\"Noticias OP\"],\"inLanguage\":\"pt-BR\"},{\"@type\":\"WebPage\",\"@id\":\"https:\/\/dev.aemsolutions.com.br\/orcamento-participativo-testes\/confira-as-propostas-escolhidas-pelos-municipes-na-consulta-publica-do-orcamento-participativo\/\",\"url\":\"https:\/\/dev.aemsolutions.com.br\/orcamento-participativo-testes\/confira-as-propostas-escolhidas-pelos-municipes-na-consulta-publica-do-orcamento-participativo\/\",\"name\":\"Confira as propostas escolhidas pelos mun\u00edcipes na consulta p\u00fablica do Or\u00e7amento Participativo - Or\u00e7amento Participativo\",\"isPartOf\":{\"@id\":\"https:\/\/dev.aemsolutions.com.br\/orcamento-participativo-testes\/#website\"},\"primaryImageOfPage\":{\"@id\":\"https:\/\/dev.aemsolutions.com.br\/orcamento-participativo-testes\/confira-as-propostas-escolhidas-pelos-municipes-na-consulta-publica-do-orcamento-participativo\/#primaryimage\"},\"image\":{\"@id\":\"https:\/\/dev.aemsolutions.com.br\/orcamento-participativo-testes\/confira-as-propostas-escolhidas-pelos-municipes-na-consulta-publica-do-orcamento-participativo\/#primaryimage\"},\"thumbnailUrl\":\"https:\/\/dev.aemsolutions.com.br\/orcamento-participativo-testes\/wp-content\/uploads\/2024\/10\/pexels-bertellifotografia-3321789.jpg\",\"datePublished\":\"2024-10-07T20:45:34+00:00\",\"dateModified\":\"2025-02-28T13:05:22+00:00\",\"breadcrumb\":{\"@id\":\"https:\/\/dev.aemsolutions.com.br\/orcamento-participativo-testes\/confira-as-propostas-escolhidas-pelos-municipes-na-consulta-publica-do-orcamento-participativo\/#breadcrumb\"},\"inLanguage\":\"pt-BR\",\"potentialAction\":[{\"@type\":\"ReadAction\",\"target\":[\"https:\/\/dev.aemsolutions.com.br\/orcamento-participativo-testes\/confira-as-propostas-escolhidas-pelos-municipes-na-consulta-publica-do-orcamento-participativo\/\"]}]},{\"@type\":\"ImageObject\",\"inLanguage\":\"pt-BR\",\"@id\":\"https:\/\/dev.aemsolutions.com.br\/orcamento-participativo-testes\/confira-as-propostas-escolhidas-pelos-municipes-na-consulta-publica-do-orcamento-participativo\/#primaryimage\",\"url\":\"https:\/\/dev.aemsolutions.com.br\/orcamento-participativo-testes\/wp-content\/uploads\/2024\/10\/pexels-bertellifotografia-3321789.jpg\",\"contentUrl\":\"https:\/\/dev.aemsolutions.com.br\/orcamento-participativo-testes\/wp-content\/uploads\/2024\/10\/pexels-bertellifotografia-3321789.jpg\",\"width\":720,\"height\":405,\"caption\":\"bertellifotografia\"},{\"@type\":\"BreadcrumbList\",\"@id\":\"https:\/\/dev.aemsolutions.com.br\/orcamento-participativo-testes\/confira-as-propostas-escolhidas-pelos-municipes-na-consulta-publica-do-orcamento-participativo\/#breadcrumb\",\"itemListElement\":[{\"@type\":\"ListItem\",\"position\":1,\"name\":\"In\u00edcio\",\"item\":\"https:\/\/dev.aemsolutions.com.br\/orcamento-participativo-testes\/\"},{\"@type\":\"ListItem\",\"position\":2,\"name\":\"Confira as propostas escolhidas pelos mun\u00edcipes na consul...\"}]},{\"@type\":\"WebSite\",\"@id\":\"https:\/\/dev.aemsolutions.com.br\/orcamento-participativo-testes\/#website\",\"url\":\"https:\/\/dev.aemsolutions.com.br\/orcamento-participativo-testes\/\",\"name\":\"Or\u00e7amento Participativo\",\"description\":\"Or\u00e7amento Participativo do Mun\u00edcipio de Cubat\u00e3o\",\"publisher\":{\"@id\":\"https:\/\/dev.aemsolutions.com.br\/orcamento-participativo-testes\/#organization\"},\"potentialAction\":[{\"@type\":\"SearchAction\",\"target\":{\"@type\":\"EntryPoint\",\"urlTemplate\":\"https:\/\/dev.aemsolutions.com.br\/orcamento-participativo-testes\/?s={search_term_string}\"},\"query-input\":{\"@type\":\"PropertyValueSpecification\",\"valueRequired\":true,\"valueName\":\"search_term_string\"}}],\"inLanguage\":\"pt-BR\"},{\"@type\":\"Organization\",\"@id\":\"https:\/\/dev.aemsolutions.com.br\/orcamento-participativo-testes\/#organization\",\"name\":\"Or\u00e7amento Participativo\",\"url\":\"https:\/\/dev.aemsolutions.com.br\/orcamento-participativo-testes\/\",\"logo\":{\"@type\":\"ImageObject\",\"inLanguage\":\"pt-BR\",\"@id\":\"https:\/\/dev.aemsolutions.com.br\/orcamento-participativo-testes\/#\/schema\/logo\/image\/\",\"url\":\"https:\/\/dev.aemsolutions.com.br\/orcamento-participativo-testes\/wp-content\/uploads\/2025\/02\/cubatao-logo.png\",\"contentUrl\":\"https:\/\/dev.aemsolutions.com.br\/orcamento-participativo-testes\/wp-content\/uploads\/2025\/02\/cubatao-logo.png\",\"width\":316,\"height\":90,\"caption\":\"Or\u00e7amento Participativo\"},\"image\":{\"@id\":\"https:\/\/dev.aemsolutions.com.br\/orcamento-participativo-testes\/#\/schema\/logo\/image\/\"}},{\"@type\":\"Person\",\"@id\":\"https:\/\/dev.aemsolutions.com.br\/orcamento-participativo-testes\/#\/schema\/person\/054204022d9ae2bc7d3c052d70f5723d\",\"name\":\"Reda\u00e7\u00e3o\",\"image\":{\"@type\":\"ImageObject\",\"inLanguage\":\"pt-BR\",\"@id\":\"https:\/\/dev.aemsolutions.com.br\/orcamento-participativo-testes\/#\/schema\/person\/image\/\",\"url\":\"https:\/\/secure.gravatar.com\/avatar\/8e4f3d6073341decc069e2dbca2d692f01c8f9383c63f3fb860d406352f3a49e?s=96&d=mm&r=g\",\"contentUrl\":\"https:\/\/secure.gravatar.com\/avatar\/8e4f3d6073341decc069e2dbca2d692f01c8f9383c63f3fb860d406352f3a49e?s=96&d=mm&r=g\",\"caption\":\"Reda\u00e7\u00e3o\"},\"sameAs\":[\"https:\/\/cubatao.aemsolutions.com.br\"],\"url\":\"https:\/\/dev.aemsolutions.com.br\/orcamento-participativo-testes\/author\/admin_a53yh0vq\/\"}]}<\/script>\n<!-- \/ Yoast SEO plugin. -->","yoast_head_json":{"title":"Confira as propostas escolhidas pelos mun\u00edcipes na consulta p\u00fablica do Or\u00e7amento Participativo - Or\u00e7amento Participativo","robots":{"index":"index","follow":"follow","max-snippet":"max-snippet:-1","max-image-preview":"max-image-preview:large","max-video-preview":"max-video-preview:-1"},"canonical":"https:\/\/dev.aemsolutions.com.br\/orcamento-participativo-testes\/confira-as-propostas-escolhidas-pelos-municipes-na-consulta-publica-do-orcamento-participativo\/","og_locale":"pt_BR","og_type":"article","og_title":"Confira as propostas escolhidas pelos mun\u00edcipes na consulta p\u00fablica do Or\u00e7amento Participativo - Or\u00e7amento Participativo","og_description":"Por mais um ano, os cubatenses tiveram a oportunidade de submeter propostas para a utiliza\u00e7\u00e3o do dinheiro p\u00fablico atrav\u00e9s do Or\u00e7amento Participativo (OP). Entre 1\u00ba e 31 de agosto, o Departamento de Or\u00e7amento Participativo realizou uma consulta popular com a\u00e7\u00f5es elencadas pelas secretarias municipais para inclus\u00e3o na Lei Or\u00e7ament\u00e1ria Anual (LOA) 2025, permitindo que a [&hellip;]","og_url":"https:\/\/dev.aemsolutions.com.br\/orcamento-participativo-testes\/confira-as-propostas-escolhidas-pelos-municipes-na-consulta-publica-do-orcamento-participativo\/","og_site_name":"Or\u00e7amento Participativo","article_published_time":"2024-10-07T20:45:34+00:00","article_modified_time":"2025-02-28T13:05:22+00:00","og_image":[{"width":720,"height":405,"url":"https:\/\/dev.aemsolutions.com.br\/orcamento-participativo-testes\/wp-content\/uploads\/2024\/10\/pexels-bertellifotografia-3321789.jpg","type":"image\/jpeg"}],"author":"Reda\u00e7\u00e3o","twitter_card":"summary_large_image","twitter_misc":{"Escrito por":"Reda\u00e7\u00e3o","Est. tempo de leitura":"3 minutos"},"schema":{"@context":"https:\/\/schema.org","@graph":[{"@type":"Article","@id":"https:\/\/dev.aemsolutions.com.br\/orcamento-participativo-testes\/confira-as-propostas-escolhidas-pelos-municipes-na-consulta-publica-do-orcamento-participativo\/#article","isPartOf":{"@id":"https:\/\/dev.aemsolutions.com.br\/orcamento-participativo-testes\/confira-as-propostas-escolhidas-pelos-municipes-na-consulta-publica-do-orcamento-participativo\/"},"author":{"name":"Reda\u00e7\u00e3o","@id":"https:\/\/dev.aemsolutions.com.br\/orcamento-participativo-testes\/#\/schema\/person\/054204022d9ae2bc7d3c052d70f5723d"},"headline":"Confira as propostas escolhidas pelos mun\u00edcipes na consul...","datePublished":"2024-10-07T20:45:34+00:00","dateModified":"2025-02-28T13:05:22+00:00","mainEntityOfPage":{"@id":"https:\/\/dev.aemsolutions.com.br\/orcamento-participativo-testes\/confira-as-propostas-escolhidas-pelos-municipes-na-consulta-publica-do-orcamento-participativo\/"},"wordCount":426,"publisher":{"@id":"https:\/\/dev.aemsolutions.com.br\/orcamento-participativo-testes\/#organization"},"image":{"@id":"https:\/\/dev.aemsolutions.com.br\/orcamento-participativo-testes\/confira-as-propostas-escolhidas-pelos-municipes-na-consulta-publica-do-orcamento-participativo\/#primaryimage"},"thumbnailUrl":"https:\/\/dev.aemsolutions.com.br\/orcamento-participativo-testes\/wp-content\/uploads\/2024\/10\/pexels-bertellifotografia-3321789.jpg","articleSection":["Noticias OP"],"inLanguage":"pt-BR"},{"@type":"WebPage","@id":"https:\/\/dev.aemsolutions.com.br\/orcamento-participativo-testes\/confira-as-propostas-escolhidas-pelos-municipes-na-consulta-publica-do-orcamento-participativo\/","url":"https:\/\/dev.aemsolutions.com.br\/orcamento-participativo-testes\/confira-as-propostas-escolhidas-pelos-municipes-na-consulta-publica-do-orcamento-participativo\/","name":"Confira as propostas escolhidas pelos mun\u00edcipes na consulta p\u00fablica do Or\u00e7amento Participativo - Or\u00e7amento Participativo","isPartOf":{"@id":"https:\/\/dev.aemsolutions.com.br\/orcamento-participativo-testes\/#website"},"primaryImageOfPage":{"@id":"https:\/\/dev.aemsolutions.com.br\/orcamento-participativo-testes\/confira-as-propostas-escolhidas-pelos-municipes-na-consulta-publica-do-orcamento-participativo\/#primaryimage"},"image":{"@id":"https:\/\/dev.aemsolutions.com.br\/orcamento-participativo-testes\/confira-as-propostas-escolhidas-pelos-municipes-na-consulta-publica-do-orcamento-participativo\/#primaryimage"},"thumbnailUrl":"https:\/\/dev.aemsolutions.com.br\/orcamento-participativo-testes\/wp-content\/uploads\/2024\/10\/pexels-bertellifotografia-3321789.jpg","datePublished":"2024-10-07T20:45:34+00:00","dateModified":"2025-02-28T13:05:22+00:00","breadcrumb":{"@id":"https:\/\/dev.aemsolutions.com.br\/orcamento-participativo-testes\/confira-as-propostas-escolhidas-pelos-municipes-na-consulta-publica-do-orcamento-participativo\/#breadcrumb"},"inLanguage":"pt-BR","potentialAction":[{"@type":"ReadAction","target":["https:\/\/dev.aemsolutions.com.br\/orcamento-participativo-testes\/confira-as-propostas-escolhidas-pelos-municipes-na-consulta-publica-do-orcamento-participativo\/"]}]},{"@type":"ImageObject","inLanguage":"pt-BR","@id":"https:\/\/dev.aemsolutions.com.br\/orcamento-participativo-testes\/confira-as-propostas-escolhidas-pelos-municipes-na-consulta-publica-do-orcamento-participativo\/#primaryimage","url":"https:\/\/dev.aemsolutions.com.br\/orcamento-participativo-testes\/wp-content\/uploads\/2024\/10\/pexels-bertellifotografia-3321789.jpg","contentUrl":"https:\/\/dev.aemsolutions.com.br\/orcamento-participativo-testes\/wp-content\/uploads\/2024\/10\/pexels-bertellifotografia-3321789.jpg","width":720,"height":405,"caption":"bertellifotografia"},{"@type":"BreadcrumbList","@id":"https:\/\/dev.aemsolutions.com.br\/orcamento-participativo-testes\/confira-as-propostas-escolhidas-pelos-municipes-na-consulta-publica-do-orcamento-participativo\/#breadcrumb","itemListElement":[{"@type":"ListItem","position":1,"name":"In\u00edcio","item":"https:\/\/dev.aemsolutions.com.br\/orcamento-participativo-testes\/"},{"@type":"ListItem","position":2,"name":"Confira as propostas escolhidas pelos mun\u00edcipes na consul..."}]},{"@type":"WebSite","@id":"https:\/\/dev.aemsolutions.com.br\/orcamento-participativo-testes\/#website","url":"https:\/\/dev.aemsolutions.com.br\/orcamento-participativo-testes\/","name":"Or\u00e7amento Participativo","description":"Or\u00e7amento Participativo do Mun\u00edcipio de Cubat\u00e3o","publisher":{"@id":"https:\/\/dev.aemsolutions.com.br\/orcamento-participativo-testes\/#organization"},"potentialAction":[{"@type":"SearchAction","target":{"@type":"EntryPoint","urlTemplate":"https:\/\/dev.aemsolutions.com.br\/orcamento-participativo-testes\/?s={search_term_string}"},"query-input":{"@type":"PropertyValueSpecification","valueRequired":true,"valueName":"search_term_string"}}],"inLanguage":"pt-BR"},{"@type":"Organization","@id":"https:\/\/dev.aemsolutions.com.br\/orcamento-participativo-testes\/#organization","name":"Or\u00e7amento Participativo","url":"https:\/\/dev.aemsolutions.com.br\/orcamento-participativo-testes\/","logo":{"@type":"ImageObject","inLanguage":"pt-BR","@id":"https:\/\/dev.aemsolutions.com.br\/orcamento-participativo-testes\/#\/schema\/logo\/image\/","url":"https:\/\/dev.aemsolutions.com.br\/orcamento-participativo-testes\/wp-content\/uploads\/2025\/02\/cubatao-logo.png","contentUrl":"https:\/\/dev.aemsolutions.com.br\/orcamento-participativo-testes\/wp-content\/uploads\/2025\/02\/cubatao-logo.png","width":316,"height":90,"caption":"Or\u00e7amento Participativo"},"image":{"@id":"https:\/\/dev.aemsolutions.com.br\/orcamento-participativo-testes\/#\/schema\/logo\/image\/"}},{"@type":"Person","@id":"https:\/\/dev.aemsolutions.com.br\/orcamento-participativo-testes\/#\/schema\/person\/054204022d9ae2bc7d3c052d70f5723d","name":"Reda\u00e7\u00e3o","image":{"@type":"ImageObject","inLanguage":"pt-BR","@id":"https:\/\/dev.aemsolutions.com.br\/orcamento-participativo-testes\/#\/schema\/person\/image\/","url":"https:\/\/secure.gravatar.com\/avatar\/8e4f3d6073341decc069e2dbca2d692f01c8f9383c63f3fb860d406352f3a49e?s=96&d=mm&r=g","contentUrl":"https:\/\/secure.gravatar.com\/avatar\/8e4f3d6073341decc069e2dbca2d692f01c8f9383c63f3fb860d406352f3a49e?s=96&d=mm&r=g","caption":"Reda\u00e7\u00e3o"},"sameAs":["https:\/\/cubatao.aemsolutions.com.br"],"url":"https:\/\/dev.aemsolutions.com.br\/orcamento-participativo-testes\/author\/admin_a53yh0vq\/"}]}},"_links":{"self":[{"href":"https:\/\/dev.aemsolutions.com.br\/orcamento-participativo-testes\/wp-json\/wp\/v2\/posts\/565","targetHints":{"allow":["GET"]}}],"collection":[{"href":"https:\/\/dev.aemsolutions.com.br\/orcamento-participativo-testes\/wp-json\/wp\/v2\/posts"}],"about":[{"href":"https:\/\/dev.aemsolutions.com.br\/orcamento-participativo-testes\/wp-json\/wp\/v2\/types\/post"}],"author":[{"embeddable":true,"href":"https:\/\/dev.aemsolutions.com.br\/orcamento-participativo-testes\/wp-json\/wp\/v2\/users\/1"}],"replies":[{"embeddable":true,"href":"https:\/\/dev.aemsolutions.com.br\/orcamento-participativo-testes\/wp-json\/wp\/v2\/comments?post=565"}],"version-history":[{"count":1,"href":"https:\/\/dev.aemsolutions.com.br\/orcamento-participativo-testes\/wp-json\/wp\/v2\/posts\/565\/revisions"}],"predecessor-version":[{"id":1835,"href":"https:\/\/dev.aemsolutions.com.br\/orcamento-participativo-testes\/wp-json\/wp\/v2\/posts\/565\/revisions\/1835"}],"wp:featuredmedia":[{"embeddable":true,"href":"https:\/\/dev.aemsolutions.com.br\/orcamento-participativo-testes\/wp-json\/wp\/v2\/media\/1929"}],"wp:attachment":[{"href":"https:\/\/dev.aemsolutions.com.br\/orcamento-participativo-testes\/wp-json\/wp\/v2\/media?parent=565"}],"wp:term":[{"taxonomy":"category","embeddable":true,"href":"https:\/\/dev.aemsolutions.com.br\/orcamento-participativo-testes\/wp-json\/wp\/v2\/categories?post=565"},{"taxonomy":"post_tag","embeddable":true,"href":"https:\/\/dev.aemsolutions.com.br\/orcamento-participativo-testes\/wp-json\/wp\/v2\/tags?post=565"}],"curies":[{"name":"wp","href":"https:\/\/api.w.org\/{rel}","templated":true}]}}